{"id":7867,"date":"2025-04-20T17:00:03","date_gmt":"2025-04-20T17:00:03","guid":{"rendered":"https:\/\/sfdumitru.org\/?p=7867"},"modified":"2025-04-20T17:04:36","modified_gmt":"2025-04-20T17:04:36","slug":"resurrection-of-our-lord-2025","status":"publish","type":"post","link":"https:\/\/sfdumitru.org\/ro\/2025\/04\/resurrection-of-our-lord-2025\/","title":{"rendered":"\u00cenvierea Domnului 2025"},"content":{"rendered":"<div data-elementor-type=\"wp-post\" data-elementor-id=\"7867\" class=\"elementor elementor-7867\" data-elementor-settings=\"[]\">\n\t\t\t\t\t\t<div class=\"elementor-inner\">\n\t\t\t\t\t\t\t<div class=\"elementor-section-wrap\">\n\t\t\t\t\t\t\t<section class=\"elementor-section elementor-top-section elementor-element elementor-element-d17d936 elementor-section-boxed elementor-section-height-default elementor-section-height-default\" data-id=\"d17d936\" data-element_type=\"section\">\n\t\t\t\t\t\t<div class=\"elementor-container elementor-column-gap-default\">\n\t\t\t\t\t\t\t<div class=\"elementor-row\">\n\t\t\t\t\t<div class=\"elementor-column elementor-col-100 elementor-top-column elementor-element elementor-element-bde28d3\" data-id=\"bde28d3\" data-element_type=\"column\">\n\t\t\t<div class=\"elementor-column-wrap elementor-element-populated\">\n\t\t\t\t\t\t\t<div class=\"elementor-widget-wrap\">\n\t\t\t\t\t\t<div class=\"elementor-element elementor-element-d33d8e7 elementor-widget elementor-widget-image\" data-id=\"d33d8e7\" data-element_type=\"widget\" data-widget_type=\"image.default\">\n\t\t\t\t<div class=\"elementor-widget-container\">\n\t\t\t\t\t\t\t\t<div class=\"elementor-image\">\n\t\t\t\t\t\t\t\t\t\t\t\t<img loading=\"lazy\" decoding=\"async\" width=\"800\" height=\"661\" src=\"https:\/\/sfdumitru.org\/wordpress\/wp-content\/uploads\/2024\/05\/invierea_domnului_2024.jpg\" class=\"attachment-large size-large\" alt=\"\" srcset=\"https:\/\/sfdumitru.org\/wordpress\/wp-content\/uploads\/2024\/05\/invierea_domnului_2024.jpg 800w, https:\/\/sfdumitru.org\/wordpress\/wp-content\/uploads\/2024\/05\/invierea_domnului_2024-300x248.jpg 300w, https:\/\/sfdumitru.org\/wordpress\/wp-content\/uploads\/2024\/05\/invierea_domnului_2024-768x635.jpg 768w, https:\/\/sfdumitru.org\/wordpress\/wp-content\/uploads\/2024\/05\/invierea_domnului_2024-15x12.jpg 15w\" sizes=\"auto, (max-width: 800px) 100vw, 800px\" \/>\t\t\t\t\t\t\t\t\t\t\t\t\t\t<\/div>\n\t\t\t\t\t\t<\/div>\n\t\t\t\t<\/div>\n\t\t\t\t<div class=\"elementor-element elementor-element-5186507 elementor-widget elementor-widget-text-editor\" data-id=\"5186507\" data-element_type=\"widget\" data-widget_type=\"text-editor.default\">\n\t\t\t\t<div class=\"elementor-widget-container\">\n\t\t\t\t\t\t\t\t<div class=\"elementor-text-editor elementor-clearfix\">\n\t\t\t\t\t<p>Dragi Prieteni ai M\u0103n\u0103stirii Sf\u00e2ntul Dimitrie,<\/p><p>Hristos a \u00eenviat!<\/p><p><strong>\u00cenviere.<\/strong>\u00a0Ne afl\u0103m la cap\u0103tul unei c\u0103l\u0103torii, a Postului Mare, pe care am \u00eentreprins-o pentru M\u00e2ntuitorul nostru (\u00een fapt, pentru sufletele noastre) \u0219i \u00eempreun\u0103 cu El. Fiecare ne-am ostenit mai mult sau mai pu\u021bin, unii din ceasul \u00eent\u00e2i, al\u021bii din ceasul al treilea, al \u0219aselea, al nou\u0103lea, al unsprezecelea... Ast\u0103zi suntem chema\u021bi cu to\u021bii la Osp\u0103\u021bul St\u0103p\u00e2nului.<\/p><p>Intr\u00e2nd \u00een S\u0103pt\u0103m\u00e2na Patimilor am descoperit c\u0103 toate ispitele Postului, \u0219i ale vie\u021bii, au darul de a ne preg\u0103ti inimile pentru a sim\u021bi P\u0103timirile M\u00e2ntuitorului. \u0218i, f\u0103c\u00e2nd aceasta - adic\u0103 a\u021bintindu-ne inimile r\u0103nite asupra Lui, Cel \u201er\u0103nit\/zdrobit pentru p\u0103catele noastre\u201d (cf. Isaia 53, 5) -, paradoxal, inimile noastre se vindec\u0103, asemenea celei a Mariei, sora lui Laz\u0103r, care a uns picioarele Domnului \u00een ajunul Intr\u0103rii Sale \u00een Ierusalim, la \u00eenceputul S\u0103pt\u0103m\u00e2nii Patimilor (cf. Ioan 12, 3).\u00a0<\/p><p>A\u0219adar, roadele Postului, \u0219i ale vie\u021bii, sunt: sim\u021birea P\u0103timirilor M\u00e2ntuitorului \u0219i vindecarea inimilor noastre. \u0218i, pe c\u00e2t de mult sim\u021bim P\u0103timirile Lui, pe at\u00e2t inimile noastre sunt de curate, \u0219i tot pe at\u00e2t \u00cel v\u0103d\/cunosc pe Dumnezeu (cf. Matei 5, 8).<\/p><p><strong>Timpurile \u00een care tr\u0103im.<\/strong>\u00a0Marele tr\u0103itor \u0219i g\u00e2nditor cre\u0219tin, Alexandr Soljeni\u021b\u00een, spunea \u00een 1983: \u201eToate cele cinci continente sunt \u00eentr-un v\u00e2rtej. \u00cencerc\u0103rile de a c\u0103uta ie\u0219ire din actuala stare a lumii sunt f\u0103r\u0103 rod, dac\u0103 nu ne \u00eentoarcem con\u0219tiin\u021ba noastr\u0103 cu poc\u0103in\u021b\u0103 fa\u021b\u0103 de Ziditorul a toate... dac\u0103 nu vom c\u0103uta cu s\u00e2rguin\u021b\u0103 m\u00e2na cald\u0103 a lui Dumnezeu, pe care noi at\u00e2t de nep\u0103s\u0103tor \u0219i trufa\u0219 am respins-o.\u201d<\/p><p>Ca \u0219i acum 40 de ani, auzim de r\u0103zboaie, de zvonuri de r\u0103zboaie, de crize, de amenin\u021b\u0103ri... \u0219i, \u00een plus fa\u021b\u0103 de atunci, tr\u0103im zi de zi ie\u0219irea naturii din normalitatea ei climateric\u0103.<\/p><p>\u00cen S\u00e2mb\u0103ta Mare, la Sf\u00e2nta Liturghie, printre cele 15 citiri din Vechiul Testament, am auzit \u0219i pe cea cum cei peste 120.000 de locuitori ai cet\u0103\u021bii Ninivei s-au poc\u0103it la \u00eendemnul Proorocului Iona (cf. Iona 3, 5).\u00a0<\/p><p class=\" translation-block\">La sf\u00e2r\u0219itul Postului Mare din acest an, ne dorim \u0219i V\u0103 dorim s\u0103 ascult\u0103m glasul profe\u021bilor vechi \u0219i noi \u0219i s\u0103 ne \u00eentoarcem inimile cu poc\u0103in\u021b\u0103 \u0219i cu s\u00e2rguin\u021b\u0103 c\u0103tre Dumnezeu. Cu alte cuvinte, s\u0103 facem din cuvintele Sf\u00e2ntului Herman de Alaska, deviza vie\u021bii noastre: \u201e<strong>Din aceast\u0103 zi, din acest ceas, din chiar acest minut s\u0103 iubim pe Dumnezeu mai presus de toate \u0219i s\u0103 c\u0103ut\u0103m s\u0103 \u00eemplinim Sf\u00e2nt\u0103 Voia Lui.<\/strong>\u201d<\/p><p class=\" translation-block\"><strong>Hram.<\/strong> Folosim acest prilej pentru a V\u0103 invita la hramul de var\u0103 al m\u0103n\u0103stirii noastre, \u00cen\u0103l\u021barea Domnului, pe care \u00eel vom serba <strong>s\u00e2mb\u0103t\u0103, 31 mai<\/strong>. V\u0103 a\u0219tept\u0103m s\u0103 \u00eemp\u0103rt\u0103\u0219im \u00eempreun\u0103 cu un numeros sobor de arhierei \u0219i preo\u021bi bucuria hramului \u0219i a serb\u0103rii <strong>Centenarului Patriarhiei Rom\u00e2ne<\/strong>.<\/p><p>\u00centru Hristos, Domnul \u0219i M\u00e2ntuitorul nostru,<\/p><p>Stare\u021bul M\u0103n\u0103stirii Sf\u00e2ntul Dimitrie cel Nou<br \/>Protosinghel Ieremia cu ob\u0219tea<\/p>\t\t\t\t\t<\/div>\n\t\t\t\t\t\t<\/div>\n\t\t\t\t<\/div>\n\t\t\t\t\t\t<\/div>\n\t\t\t\t\t<\/div>\n\t\t<\/div>\n\t\t\t\t\t\t\t\t<\/div>\n\t\t\t\t\t<\/div>\n\t\t<\/section>\n\t\t\t\t\t\t<\/div>\n\t\t\t\t\t\t<\/div>\n\t\t\t\t\t<\/div>","protected":false},"excerpt":{"rendered":"<p>Dear Friends of Saint Dumitru Monastery, Christ is Risen! Resurrection.\u00a0We are at the end of a journey, that of Great Lent, which we undertook for our Savior (in fact, for our own souls) and accompanied by Him. Each one of us toiled more or less, some from the first hour, other from the third, the [&hellip;]<\/p>","protected":false},"author":1,"featured_media":0,"comment_status":"open","ping_status":"open","sticky":false,"template":"","format":"standard","meta":{"spay_email":"","footnotes":""},"categories":[1],"tags":[],"class_list":["post-7867","post","type-post","status-publish","format-standard","hentry","category-news","entry"],"jetpack_featured_media_url":"","_links":{"self":[{"href":"https:\/\/sfdumitru.org\/ro\/wp-json\/wp\/v2\/posts\/7867","targetHints":{"allow":["GET"]}}],"collection":[{"href":"https:\/\/sfdumitru.org\/ro\/wp-json\/wp\/v2\/posts"}],"about":[{"href":"https:\/\/sfdumitru.org\/ro\/wp-json\/wp\/v2\/types\/post"}],"author":[{"embeddable":true,"href":"https:\/\/sfdumitru.org\/ro\/wp-json\/wp\/v2\/users\/1"}],"replies":[{"embeddable":true,"href":"https:\/\/sfdumitru.org\/ro\/wp-json\/wp\/v2\/comments?post=7867"}],"version-history":[{"count":4,"href":"https:\/\/sfdumitru.org\/ro\/wp-json\/wp\/v2\/posts\/7867\/revisions"}],"predecessor-version":[{"id":7871,"href":"https:\/\/sfdumitru.org\/ro\/wp-json\/wp\/v2\/posts\/7867\/revisions\/7871"}],"wp:attachment":[{"href":"https:\/\/sfdumitru.org\/ro\/wp-json\/wp\/v2\/media?parent=7867"}],"wp:term":[{"taxonomy":"category","embeddable":true,"href":"https:\/\/sfdumitru.org\/ro\/wp-json\/wp\/v2\/categories?post=7867"},{"taxonomy":"post_tag","embeddable":true,"href":"https:\/\/sfdumitru.org\/ro\/wp-json\/wp\/v2\/tags?post=7867"}],"curies":[{"name":"wp","href":"https:\/\/api.w.org\/{rel}","templated":true}]}}