{"id":7221,"date":"2023-03-31T06:10:47","date_gmt":"2023-03-31T06:10:47","guid":{"rendered":"https:\/\/sfdumitru.org\/?p=7221"},"modified":"2024-08-02T22:17:54","modified_gmt":"2024-08-02T22:17:54","slug":"witnesses-of-the-resurrection","status":"publish","type":"post","link":"https:\/\/sfdumitru.org\/ro\/2023\/03\/witnesses-of-the-resurrection\/","title":{"rendered":"Martori ai \u00cenvierii"},"content":{"rendered":"<div data-elementor-type=\"wp-post\" data-elementor-id=\"7221\" class=\"elementor elementor-7221\" data-elementor-settings=\"[]\">\n\t\t\t\t\t\t<div class=\"elementor-inner\">\n\t\t\t\t\t\t\t<div class=\"elementor-section-wrap\">\n\t\t\t\t\t\t\t<section class=\"elementor-section elementor-top-section elementor-element elementor-element-cff5903 elementor-section-boxed elementor-section-height-default elementor-section-height-default\" data-id=\"cff5903\" data-element_type=\"section\">\n\t\t\t\t\t\t<div class=\"elementor-container elementor-column-gap-default\">\n\t\t\t\t\t\t\t<div class=\"elementor-row\">\n\t\t\t\t\t<div class=\"elementor-column elementor-col-100 elementor-top-column elementor-element elementor-element-555f6f6\" data-id=\"555f6f6\" data-element_type=\"column\">\n\t\t\t<div class=\"elementor-column-wrap elementor-element-populated\">\n\t\t\t\t\t\t\t<div class=\"elementor-widget-wrap\">\n\t\t\t\t\t\t<div class=\"elementor-element elementor-element-0d4f692 elementor-widget elementor-widget-text-editor\" data-id=\"0d4f692\" data-element_type=\"widget\" data-widget_type=\"text-editor.default\">\n\t\t\t\t<div class=\"elementor-widget-container\">\n\t\t\t\t\t\t\t\t<div class=\"elementor-text-editor elementor-clearfix\">\n\t\t\t\t\t<p><img loading=\"lazy\" decoding=\"async\" class=\"size-full wp-image-7198 alignleft\" src=\"https:\/\/sfdumitru.org\/wordpress\/wp-content\/uploads\/2024\/08\/marapr23_img55.jpg\" alt=\"\" width=\"420\" height=\"326\" srcset=\"https:\/\/sfdumitru.org\/wordpress\/wp-content\/uploads\/2024\/08\/marapr23_img55.jpg 420w, https:\/\/sfdumitru.org\/wordpress\/wp-content\/uploads\/2024\/08\/marapr23_img55-300x233.jpg 300w, https:\/\/sfdumitru.org\/wordpress\/wp-content\/uploads\/2024\/08\/marapr23_img55-15x12.jpg 15w\" sizes=\"auto, (max-width: 420px) 100vw, 420px\" \/>\u00cen Apostolul care s-a citit \u00een a doua zi de Pa\u0219ti, este vorba despre cum apostolii aleg \u00eenlocuitor lui Iuda tr\u0103d\u0103torul (Faptele Apostolilor 1, 15-26). \u0218i este foarte interesant, merit\u0103 s\u0103 avem \u00een minte asta, c\u0103 atunci c\u00e2nd descrie Sf\u00e2ntul Petru slujirea de apostol, zice: \u201etrebuie ca unul dintre ace\u0219ti b\u0103rba\u021bi... s\u0103 fie \u00eempreun\u0103 cu noi martori ai \u00cenvierii Domnului.\u201d A\u0219adar, slujirea apostoleasc\u0103 \u00eenseamn\u0103 mai ales a da m\u0103rturie despre \u00cenviere. Acesta este esen\u021bialul. Cum spune \u0219i Sf\u00e2ntul Apostol Pavel, \u00cenvierea e cel mai important eveniment (cf. 1 Corinteni 15, 14).<\/p><p>Apostolii sunt \u00een primul r\u00e2nd martori ai \u00cenvierii \u0219i propov\u0103duitori ai ei. A\u0219a ar trebui \u0219i noi s\u0103 facem \u00een via\u021ba noastr\u0103. S\u0103 d\u0103m m\u0103rturie despre \u00cenvierea Domnului, prin fapte \u0219i cuv\u00e2nt, prin ceea ce suntem. Mai ales prin bucurie. Mul\u021bi Sfin\u021bi P\u0103rin\u021bi \u021bineau la bucurie. Cum \u0219i p\u0103rintele Arsenie Papacioc zicea, \u201eZ\u00e2mbi\u021bi, v\u0103 rog!\u201d. \u0218i p\u0103rintele Emilianos spunea mereu, \u201ebucura\u021bi-v\u0103!\u201d. Dar spunea \u0219i c\u0103 nu ne putem bucura dac\u0103 \u021binem ceva al nostru. C\u00e2nd mergem spre Dumnezeu trebuie s\u0103 lep\u0103d\u0103m totul, iar atunci nu mai are de ce s\u0103 se prind\u0103 \u00eentristarea.<\/p><p>E firesc zilele acestea s\u0103 ne bucur\u0103m. Avem harul s\u0103rb\u0103torii \u0219i trebuie s\u0103 d\u0103m m\u0103rturie despre \u00cenvierea Domnului prin bucurie.<\/p>\t\t\t\t\t<\/div>\n\t\t\t\t\t\t<\/div>\n\t\t\t\t<\/div>\n\t\t\t\t\t\t<\/div>\n\t\t\t\t\t<\/div>\n\t\t<\/div>\n\t\t\t\t\t\t\t\t<\/div>\n\t\t\t\t\t<\/div>\n\t\t<\/section>\n\t\t\t\t\t\t<\/div>\n\t\t\t\t\t\t<\/div>\n\t\t\t\t\t<\/div>","protected":false},"excerpt":{"rendered":"<p>The subject of the Epistle which was read on the second day of Pascha is how the Apostles chose a replacement for Judas the betrayer (Acts 1:15-26). It is very interesting and worth noting that when St. Peter describes the ministry of an apostle, he says, \u201cone of these [men] must become a witness with [&hellip;]<\/p>","protected":false},"author":1,"featured_media":0,"comment_status":"closed","ping_status":"closed","sticky":false,"template":"","format":"standard","meta":{"spay_email":"","footnotes":""},"categories":[77],"tags":[24],"class_list":["post-7221","post","type-post","status-publish","format-standard","hentry","category-icon-from-within-mar-apr-23","tag-apostle","entry"],"jetpack_featured_media_url":"","_links":{"self":[{"href":"https:\/\/sfdumitru.org\/ro\/wp-json\/wp\/v2\/posts\/7221","targetHints":{"allow":["GET"]}}],"collection":[{"href":"https:\/\/sfdumitru.org\/ro\/wp-json\/wp\/v2\/posts"}],"about":[{"href":"https:\/\/sfdumitru.org\/ro\/wp-json\/wp\/v2\/types\/post"}],"author":[{"embeddable":true,"href":"https:\/\/sfdumitru.org\/ro\/wp-json\/wp\/v2\/users\/1"}],"replies":[{"embeddable":true,"href":"https:\/\/sfdumitru.org\/ro\/wp-json\/wp\/v2\/comments?post=7221"}],"version-history":[{"count":4,"href":"https:\/\/sfdumitru.org\/ro\/wp-json\/wp\/v2\/posts\/7221\/revisions"}],"predecessor-version":[{"id":7267,"href":"https:\/\/sfdumitru.org\/ro\/wp-json\/wp\/v2\/posts\/7221\/revisions\/7267"}],"wp:attachment":[{"href":"https:\/\/sfdumitru.org\/ro\/wp-json\/wp\/v2\/media?parent=7221"}],"wp:term":[{"taxonomy":"category","embeddable":true,"href":"https:\/\/sfdumitru.org\/ro\/wp-json\/wp\/v2\/categories?post=7221"},{"taxonomy":"post_tag","embeddable":true,"href":"https:\/\/sfdumitru.org\/ro\/wp-json\/wp\/v2\/tags?post=7221"}],"curies":[{"name":"wp","href":"https:\/\/api.w.org\/{rel}","templated":true}]}}