{"id":7001,"date":"2023-01-31T06:10:07","date_gmt":"2023-01-31T06:10:07","guid":{"rendered":"https:\/\/sfdumitru.org\/?p=7001"},"modified":"2024-07-05T21:03:19","modified_gmt":"2024-07-05T21:03:19","slug":"strengthening-our-mind","status":"publish","type":"post","link":"https:\/\/sfdumitru.org\/ro\/2023\/01\/strengthening-our-mind\/","title":{"rendered":"\u00cent\u0103rindu-ne mintea"},"content":{"rendered":"<div data-elementor-type=\"wp-post\" data-elementor-id=\"7001\" class=\"elementor elementor-7001\" data-elementor-settings=\"[]\">\n\t\t\t\t\t\t<div class=\"elementor-inner\">\n\t\t\t\t\t\t\t<div class=\"elementor-section-wrap\">\n\t\t\t\t\t\t\t<section class=\"elementor-section elementor-top-section elementor-element elementor-element-2af413f elementor-section-boxed elementor-section-height-default elementor-section-height-default\" data-id=\"2af413f\" data-element_type=\"section\">\n\t\t\t\t\t\t<div class=\"elementor-container elementor-column-gap-default\">\n\t\t\t\t\t\t\t<div class=\"elementor-row\">\n\t\t\t\t\t<div class=\"elementor-column elementor-col-100 elementor-top-column elementor-element elementor-element-6232c0f\" data-id=\"6232c0f\" data-element_type=\"column\">\n\t\t\t<div class=\"elementor-column-wrap elementor-element-populated\">\n\t\t\t\t\t\t\t<div class=\"elementor-widget-wrap\">\n\t\t\t\t\t\t<div class=\"elementor-element elementor-element-a9eab1c elementor-widget elementor-widget-text-editor\" data-id=\"a9eab1c\" data-element_type=\"widget\" data-widget_type=\"text-editor.default\">\n\t\t\t\t<div class=\"elementor-widget-container\">\n\t\t\t\t\t\t\t\t<div class=\"elementor-text-editor elementor-clearfix\">\n\t\t\t\t\t<p><img loading=\"lazy\" decoding=\"async\" class=\"aligncenter size-full wp-image-7013\" src=\"https:\/\/sfdumitru.org\/wordpress\/wp-content\/uploads\/2024\/07\/janfeb23_img738.jpg\" alt=\"\" width=\"369\" height=\"450\" srcset=\"https:\/\/sfdumitru.org\/wordpress\/wp-content\/uploads\/2024\/07\/janfeb23_img738.jpg 369w, https:\/\/sfdumitru.org\/wordpress\/wp-content\/uploads\/2024\/07\/janfeb23_img738-246x300.jpg 246w, https:\/\/sfdumitru.org\/wordpress\/wp-content\/uploads\/2024\/07\/janfeb23_img738-10x12.jpg 10w\" sizes=\"auto, (max-width: 369px) 100vw, 369px\" \/><\/p><p class=\" translation-block\">\u00cen data de 22 ianuarie se pr\u0103znuie\u0219te Sf\u00e2ntul Apostol Timotei, ucenicul iubit al Sf\u00e2ntului Apostol Pavel \u2013 \u201eFiul meu Timotei,\u201d \u00eei spune Sf\u00e2ntul Pavel. La un moment dat Sf\u00e2ntul Pavel \u00eei spune s\u0103 ia pu\u021bin vin pentru stomacul s\u0103u \u0219i pentru desele sale neputin\u021be (cf. 1 Timotei 5, 23). Probabil inspirat de acest verset, poetul bisericesc, care a compus slujba Sf\u00e2ntului Timotei, a scris \u00eentr-o stihir\u0103, la Vecernie: \u201eCuget\u0103torule de Dumnezeu, Timotei, [<em>cuget\u0103tor de Dumnezeu<\/em> traduce pe grecescul <em>theologos<\/em>, cel care cuget\u0103, cel care vorbe\u0219te despre Dumnezeu], cu desele suferin\u021be ale trupului \u0219i cu sl\u0103biciunile \u00eent\u0103rindu-\u021bi mintea, fericite, ai stricat cu u\u0219urin\u021b\u0103 t\u0103ria \u00een\u0219el\u0103ciunii, ocrotit fiind de puterea lui Hristos \u0219i ne-ai propov\u0103duit nou\u0103 cu glas \u00eenalt dumnezeiasca Evanghelie a p\u0103cii.\u201d<\/p><p>Este imaginea aceasta, care de fapt este imaginea tuturor cre\u0219tinilor \u00een lumea aceasta: \u201ec\u0103 prin multe suferin\u021be se cuvine nou\u0103 s\u0103 intr\u0103m \u00een \u00cemp\u0103r\u0103\u021bia lui Dumnezeu,\u201d cum le ar\u0103ta Sf\u00e2ntul Pavel cre\u0219tinilor (Faptele Apostolilor 14, 22). \u00cen cazul nostru, de obicei, suferin\u021ba ne paralizeaz\u0103 mintea. Vedem la Sf\u00e2ntul Timotei c\u0103, dimpotriv\u0103, suferin\u021ba tr\u0103it\u0103 \u00een credin\u021b\u0103 puternic\u0103, \u00eent\u0103re\u0219te mintea \u0219i stric\u0103 \u201ecu u\u0219urin\u021b\u0103 t\u0103ria \u00een\u0219el\u0103ciunii,\u201d cu ajutorul lui Hristos \u0219i cu puterea lui Hristos. Hristos biruie\u0219te pe vicleanul puternic \u0219i-l face de ru\u0219ine prin ace\u0219ti neputincio\u0219i de oameni, cre\u0219tinii, care, dac\u0103 se smeresc, sub m\u00e2na cea tare a lui Dumnezeu (cf. 1 Petru 5, 6), \u00eenva\u021b\u0103 me\u0219te\u0219ugul biruin\u021bei celui r\u0103u. Sau, cum zice p\u0103rintele Zaharia Zaharou, se fac p\u0103rta\u0219i la biruin\u021ba cosmic\u0103 a Fiului lui Dumnezeu.<\/p>\t\t\t\t\t<\/div>\n\t\t\t\t\t\t<\/div>\n\t\t\t\t<\/div>\n\t\t\t\t\t\t<\/div>\n\t\t\t\t\t<\/div>\n\t\t<\/div>\n\t\t\t\t\t\t\t\t<\/div>\n\t\t\t\t\t<\/div>\n\t\t<\/section>\n\t\t\t\t\t\t<\/div>\n\t\t\t\t\t\t<\/div>\n\t\t\t\t\t<\/div>","protected":false},"excerpt":{"rendered":"<p>On January 22, the Church commemorates the Holy Apostle Timothy, the beloved disciple of the Holy Apostle Paul \u2013 \u201cMy son, Timothy,\u201d as Saint Paul calls him. At one point, Saint Paul advises him to use a little wine for his stomach\u2019s sake and for his frequent infirmities (cf. 1 Timothy 5:23). Likely inspired by [&hellip;]<\/p>","protected":false},"author":1,"featured_media":0,"comment_status":"closed","ping_status":"closed","sticky":false,"template":"","format":"standard","meta":{"spay_email":"","footnotes":""},"categories":[75],"tags":[24],"class_list":["post-7001","post","type-post","status-publish","format-standard","hentry","category-icon-from-within-jan-feb-23","tag-apostle","entry"],"jetpack_featured_media_url":"","_links":{"self":[{"href":"https:\/\/sfdumitru.org\/ro\/wp-json\/wp\/v2\/posts\/7001","targetHints":{"allow":["GET"]}}],"collection":[{"href":"https:\/\/sfdumitru.org\/ro\/wp-json\/wp\/v2\/posts"}],"about":[{"href":"https:\/\/sfdumitru.org\/ro\/wp-json\/wp\/v2\/types\/post"}],"author":[{"embeddable":true,"href":"https:\/\/sfdumitru.org\/ro\/wp-json\/wp\/v2\/users\/1"}],"replies":[{"embeddable":true,"href":"https:\/\/sfdumitru.org\/ro\/wp-json\/wp\/v2\/comments?post=7001"}],"version-history":[{"count":4,"href":"https:\/\/sfdumitru.org\/ro\/wp-json\/wp\/v2\/posts\/7001\/revisions"}],"predecessor-version":[{"id":7096,"href":"https:\/\/sfdumitru.org\/ro\/wp-json\/wp\/v2\/posts\/7001\/revisions\/7096"}],"wp:attachment":[{"href":"https:\/\/sfdumitru.org\/ro\/wp-json\/wp\/v2\/media?parent=7001"}],"wp:term":[{"taxonomy":"category","embeddable":true,"href":"https:\/\/sfdumitru.org\/ro\/wp-json\/wp\/v2\/categories?post=7001"},{"taxonomy":"post_tag","embeddable":true,"href":"https:\/\/sfdumitru.org\/ro\/wp-json\/wp\/v2\/tags?post=7001"}],"curies":[{"name":"wp","href":"https:\/\/api.w.org\/{rel}","templated":true}]}}