{"id":6503,"date":"2022-11-30T06:13:05","date_gmt":"2022-11-30T06:13:05","guid":{"rendered":"https:\/\/sfdumitru.org\/?p=6503"},"modified":"2024-03-11T17:53:16","modified_gmt":"2024-03-11T17:53:16","slug":"straightening-the-hunchbacked-human-nature","status":"publish","type":"post","link":"https:\/\/sfdumitru.org\/ro\/2022\/11\/straightening-the-hunchbacked-human-nature\/","title":{"rendered":"\u00cendreptarea firii g\u00e2rbovite a oamenilor"},"content":{"rendered":"<div data-elementor-type=\"wp-post\" data-elementor-id=\"6503\" class=\"elementor elementor-6503\" data-elementor-settings=\"[]\">\n\t\t\t\t\t\t<div class=\"elementor-inner\">\n\t\t\t\t\t\t\t<div class=\"elementor-section-wrap\">\n\t\t\t\t\t\t\t<section class=\"elementor-section elementor-top-section elementor-element elementor-element-d37aa79 elementor-section-boxed elementor-section-height-default elementor-section-height-default\" data-id=\"d37aa79\" data-element_type=\"section\">\n\t\t\t\t\t\t<div class=\"elementor-container elementor-column-gap-default\">\n\t\t\t\t\t\t\t<div class=\"elementor-row\">\n\t\t\t\t\t<div class=\"elementor-column elementor-col-100 elementor-top-column elementor-element elementor-element-e749a1c\" data-id=\"e749a1c\" data-element_type=\"column\">\n\t\t\t<div class=\"elementor-column-wrap elementor-element-populated\">\n\t\t\t\t\t\t\t<div class=\"elementor-widget-wrap\">\n\t\t\t\t\t\t<div class=\"elementor-element elementor-element-604348a elementor-widget elementor-widget-text-editor\" data-id=\"604348a\" data-element_type=\"widget\" data-widget_type=\"text-editor.default\">\n\t\t\t\t<div class=\"elementor-widget-container\">\n\t\t\t\t\t\t\t\t<div class=\"elementor-text-editor elementor-clearfix\">\n\t\t\t\t\t<p>Apostolul din duminica a 27-a dup\u0103 Rusalii este din epistola Sf\u00e2ntului Apostol Pavel c\u0103tre efeseni \u0219i \u00eent\u0103re\u0219te ideea c\u0103 firea noastr\u0103 g\u00e2rbovit\u0103, precum femeia din Evanghelia zilei, poate fi \u00eendreptat\u0103 de Dumnezeu prin \u00eempreuna lucrarea noastr\u0103 cu El: \u201eFra\u021bilor, \u00eent\u0103ri\u021bi-v\u0103 \u00een Domnul \u0219i \u00eentru puterea t\u0103riei Lui. \u00cembr\u0103ca\u021bi-v\u0103 cu toate armele lui Dumnezeu, ca s\u0103 pute\u021bi sta \u00eempotriva uneltirilor diavolului, pentru c\u0103 lupta noastr\u0103 nu este \u00eempotriva trupului \u0219i a s\u00e2ngelui, ci \u00eempotriva \u00eencep\u0103toriilor, \u00eempotriva st\u0103p\u00e2niilor, \u00eempotriva st\u0103p\u00e2nitorilor \u00eentunericului acestui veac, \u00eempotriva duhurilor r\u0103ut\u0103\u021bii, care sunt \u00een v\u0103zduh\u201d (6, 10-12). Iar asta nu e u\u0219or, pentru c\u0103 de aceea este numit \u201ecel viclean\u201d. \u201ePentru aceea, lua\u021bi toate armele lui Dumnezeu, ca s\u0103 pute\u021bi sta \u00eempotriv\u0103 \u00een ziua cea rea \u0219i, pe toate biruindu-le, s\u0103 r\u0103m\u00e2ne\u021bi \u00een picioare. Sta\u021bi, deci, tari, av\u00e2nd mijlocul vostru \u00eencins cu adev\u0103rul \u0219i \u00eembr\u0103ca\u021bi fiind cu plato\u0219a drept\u0103\u021bii, \u0219i \u00eenc\u0103l\u021ba\u021bi picioarele voastre, gata fiind pentru Evanghelia p\u0103cii. \u00cen toate lua\u021bi pav\u0103za credin\u021bei, cu care ve\u021bi putea s\u0103 stinge\u021bi toate s\u0103ge\u021bile cele arz\u0103toare ale vicleanului. Lua\u021bi \u0219i coiful m\u00e2ntuirii \u0219i sabia Duhului, care este cuv\u00e2ntul lui Dumnezeu\u201d (6, 13-17).<\/p><p><img loading=\"lazy\" decoding=\"async\" class=\"aligncenter size-full wp-image-6517\" src=\"https:\/\/sfdumitru.org\/wordpress\/wp-content\/uploads\/2024\/01\/novdec22_img57.jpg\" alt=\"\" width=\"420\" height=\"254\" srcset=\"https:\/\/sfdumitru.org\/wordpress\/wp-content\/uploads\/2024\/01\/novdec22_img57.jpg 420w, https:\/\/sfdumitru.org\/wordpress\/wp-content\/uploads\/2024\/01\/novdec22_img57-300x181.jpg 300w, https:\/\/sfdumitru.org\/wordpress\/wp-content\/uploads\/2024\/01\/novdec22_img57-18x12.jpg 18w\" sizes=\"auto, (max-width: 420px) 100vw, 420px\" \/><\/p><p>Este interesant c\u0103 prima arm\u0103 cu care \u00eencepe este \u201eadev\u0103rul\u201d. Pare ne\u00eensemnat \u0219i nu ne d\u0103m seama ce arm\u0103 este adev\u0103rul pentru noi. Pentru c\u0103 vr\u0103jma\u0219ul diavol tot timpul c\u00e2nd ne atac\u0103 \u00eencepe cu o minciun\u0103, adic\u0103 schimb\u0103 realitatea. Are o putere imens\u0103 de a schimba realitatea. Nici nu \u0219tii ce s-a \u00eent\u00e2mplat, te-ai trezit \u00een alt\u0103 realitate, nici nu mai \u0219tii ce e cu tine. A\u0219a mare putere are de a schimba lucrurile. De aceea, a r\u0103m\u00e2ne \u00een adev\u0103r este extrem de important, s\u0103 \u0219tii care este. Marea noastr\u0103 sl\u0103biciune este c\u0103 foarte u\u0219or ne l\u0103s\u0103m p\u0103c\u0103li\u021bi de ceea ce ne place. Dac\u0103 auzim o veste care ne place, noi o credem. Nici nu ne mai intereseaz\u0103 cine a zis-o, de unde a venit, o credem. Avem o putere de a ne min\u021bi incredibil\u0103. De aceea \u0219i vr\u0103jma\u0219ul ne p\u0103c\u0103le\u0219te foarte u\u0219or, apropiindu-se de noi prin g\u00e2nduri care ne place s\u0103 le auzim, apoi strecur\u00e2ndu-ne otrava lui. De aceea trebuie s\u0103 fim foarte ad\u00e2nci\u021bi \u00een adev\u0103r, \u00een realitate, \u00een ce e bine \u0219i \u00een ce e r\u0103u. Iar Sf\u00e2ntul Apostol Pavel ne arat\u0103 cum, \u201eav\u00e2nd mijlocul vostru \u00eencins cu adev\u0103rul.\u201d Adic\u0103 trebuie \u00een fiecare zi s\u0103 ne \u00eenconjur\u0103m de adev\u0103r: cuvintele Scripturii, ale Sfin\u021bilor P\u0103rin\u021bi. Fiindc\u0103 \u00een societate, \u00een media, \u00een noi, e mult\u0103 minciun\u0103, pe care vr\u0103jma\u0219ul o \u00eentre\u021bine.<\/p><p>Prin urmare, prima noastr\u0103 arm\u0103 e adev\u0103rul \u0219i trebuie s\u0103 ne \u00eent\u0103rim mult \u00een asta. Evreii sau cei dinainte \u0219tiau Scriptura pe de rost, o memorau, pentru c\u0103 nu erau c\u0103r\u021bi. Aveau totul memorat. Cum \u0219tia p\u0103rintele Cleopa Psaltirea pe de rost sau al\u021bi p\u0103rin\u021bi. Dar noi am pierdut asta. Am citit o dat\u0103 Biblia \u0219i credem c\u0103 o \u0219tim. Nu o \u0219tim. Pentru c\u0103, a\u0219a cum c\u00e2ntam c\u00e2ntece \u00een adolescen\u021b\u0103 din memorie, a\u0219a trebuie c\u00e2ntat\u0103 \u0219i rumegat\u0103 Sf\u00e2nta Scriptura, care este depozitara adev\u0103rului \u00een forma scris\u0103. Asta \u00eenseamn\u0103 s\u0103 ne \u00eencingem mijlocul cu adev\u0103rul, s\u0103 ne \u00eembib\u0103m cu el. A\u0219a zicea Sf\u00e2ntul Gavriil Giorgianul: \u201e\u00cen vremurile din urm\u0103 c\u00e2nd vor fi foamete sau altele s\u0103 nu accepta\u021bi ispita de a fura sau a face ceva r\u0103u, pentru c\u0103 \u00een felul acesta v\u0103 \u00eemp\u0103rt\u0103\u0219i\u021bi de faptele \u00eentunericului. C\u0103de\u021bi din dreptate \u0219i deveni\u021bi foarte u\u0219or prad\u0103 celui r\u0103u.\u201d Nu trebuie s\u0103 folosim armele lui.<\/p><p>Vede\u021bi, vin s\u0103ge\u021bi asupra noastr\u0103 \u00een fiecare zi, vr\u0103jma\u0219ul trage spre noi c\u00e2nd nu ne d\u0103m seama, spun P\u0103rin\u021bii. Iar credin\u021ba (\u201epav\u0103za\/scutul credin\u021bei\u201d), adev\u0103rul devin arme puternice, doar dac\u0103 noi le facem s\u0103 fie puternice. Cum e de exemplu cititul Scripturii. Nu a\u0219a o dat\u0103 din c\u00e2nd \u00een c\u00e2nd, ci \u00een fiecare zi. Adic\u0103 fiind profesioni\u0219ti. Dac\u0103 suntem profesioni\u0219ti, d\u0103m putere armelor enumerate de Apostol. Dac\u0103 ai credin\u021b\u0103, credin\u021ba ta \u00ee\u021bi permite s\u0103 te vindeci, s\u0103 treci prin toate.<\/p><p>Apoi mai zice, \u201eLua\u021bi \u0219i coiful m\u00e2ntuirii \u0219i sabia Duhului, care este cuv\u00e2ntul lui Dumnezeu.\u201d Cum zice p\u0103rintele Zaharia Zaharou: \u201eCuv\u00e2ntul lui Dumnezeu trebuie s\u0103 devin\u0103 cuv\u00e2ntul nostru. S\u0103 \u00cei vorbim lui Dumnezeu prin cuvintele Scripturii.\u201d Atunci vom \u00eenv\u0103\u021ba limbajul lui Dumnezeu \u0219i atunci vom fi \u00een adev\u0103r, iar asta va fi o arm\u0103 foarte mare.<\/p><p class=\" translation-block\">Pe l\u00e2ng\u0103 aceste arme, imaginea pe care a\u0219 fi vrut s\u0103 o subliniez este felul \u00een care M\u00e2ntuitorul \u00eendreapt\u0103 firea g\u00e2rbovit\u0103 a oamenilor, iar aceasta se realizeaz\u0103 \u00een primul r\u00e2nd d\u00e2ndu-le putere s\u0103 biruiasc\u0103 suferin\u021ba. Cum zice p\u0103rintele Arsenie Papacioc: \u201eHristos ne-a adus mai mult dec\u00e2t ne-a pierdut Adam. Ne-a adus puterea de discern\u0103m\u00e2nt, puterea de a birui r\u0103ul, <strong>de a accepta suferin\u021ba \u0219i de a iubi pe vr\u0103jma\u0219i<\/strong> \u0219i putin\u021ba de a deveni Dumnezei dup\u0103 har... Nu spun s\u0103 c\u0103uta\u021bi suferin\u021ba, dar c\u00e2nd vine, nu fugi ca un la\u0219. Biruie\u0219te-o!\u201d<\/p><p>Cu alte cuvinte, Hristos e l\u00e2ng\u0103 noi, d\u00e2ndu-ne putere s\u0103 biruim suferin\u021ba. Aceasta e pozi\u021bia de m\u00e2ntuire. \u0218i a\u0219a ne vindec\u0103m, a\u0219a ne \u00eendrept\u0103m \u201eg\u00e2rbovirea\u201d. E ca \u0219i cum El a \u00eencheiat un pact cu noi: \u201eC\u00e2nd vei fi \u00een suferin\u021b\u0103, Eu voi fi cu tine!\u201d F\u0103r\u0103 discu\u021bie. \u0218i El ne d\u0103 putere. Nu c\u0103 nu vom sim\u021bi suferin\u021ba. Vom sim\u021bi. Dar vom avea putere s\u0103 trecem prin ea. Aceasta este calea. \u0218i nu e vreo alt\u0103 scurt\u0103tur\u0103. A crezut Adam c\u0103 e o scurt\u0103tur\u0103, dar nu e. Drumul pe aici trece. Prin a duce suferin\u021ba cu Hristos, Care e l\u00e2ng\u0103 noi \u00een chip nemijlocit.<\/p><p class=\" translation-block\">Al doilea Apostol, care s-a citit pentru Sf\u00e2nta Muceni\u021b\u0103 Varvara, vorbe\u0219te exact despre asta: \u201eFra\u021bilor, to\u021bi c\u00e2\u021bi sunt c\u0103l\u0103uzi\u021bi de Duhul lui Dumnezeu sunt fii ai lui Dumnezeu. Duhul \u00censu\u0219i m\u0103rturise\u0219te \u00eempreun\u0103 cu duhul nostru c\u0103 suntem fii ai lui Dumnezeu. \u0218i dac\u0103 suntem fii, suntem \u0219i mo\u0219tenitori \u2013 mo\u0219tenitori ai lui Dumnezeu \u0219i \u00eempreun\u0103-mo\u0219tenitori cu Hristos \u2013 <strong>dac\u0103 p\u0103timim \u00eempreun\u0103 cu El<\/strong>, ca \u00eempreun\u0103 cu El s\u0103 ne \u0219i pream\u0103rim. C\u0103ci socotesc c\u0103 p\u0103timirile vremii de acum nu sunt vrednice de slava care ni se va descoperi, pentru c\u0103 f\u0103ptura a\u0219teapt\u0103 cu ner\u0103bdare descoperirea fiilor lui Dumnezeu\u201d (Romani 8, 14-19). Dac\u0103 nu p\u0103timim cu Hristos nu ne putem ridica \u00een slav\u0103 cu El. M\u00e2ntuitorul ne-a dat puterea de a p\u0103timi cu El, iar asta este \u00eendreptarea firii noastre. \u201eCe \u00ee\u0219i propune omul, reu\u0219e\u0219te, cu ajutorul lui Dumnezeu,\u201d spunea P\u0103rintele Emilianos Simonopetritul. Amin!<\/p>\t\t\t\t\t<\/div>\n\t\t\t\t\t\t<\/div>\n\t\t\t\t<\/div>\n\t\t\t\t\t\t<\/div>\n\t\t\t\t\t<\/div>\n\t\t<\/div>\n\t\t\t\t\t\t\t\t<\/div>\n\t\t\t\t\t<\/div>\n\t\t<\/section>\n\t\t\t\t\t\t<\/div>\n\t\t\t\t\t\t<\/div>\n\t\t\t\t\t<\/div>","protected":false},"excerpt":{"rendered":"<p>The Epistle reading on the 27th Sunday after Pentecost is from the Holy Apostle Paul\u2019s epistle to the Ephesians and strengthens the idea that our nature, which is hunched over like the woman in the Gospel of the day, can be straightened by God through our synergy with Him: \u201cMy brethren, be strong in the [&hellip;]<\/p>","protected":false},"author":1,"featured_media":0,"comment_status":"closed","ping_status":"closed","sticky":false,"template":"","format":"standard","meta":{"spay_email":"","footnotes":""},"categories":[73],"tags":[24],"class_list":["post-6503","post","type-post","status-publish","format-standard","hentry","category-icon-from-within-nov-dec-22","tag-apostle","entry"],"jetpack_featured_media_url":"","_links":{"self":[{"href":"https:\/\/sfdumitru.org\/ro\/wp-json\/wp\/v2\/posts\/6503","targetHints":{"allow":["GET"]}}],"collection":[{"href":"https:\/\/sfdumitru.org\/ro\/wp-json\/wp\/v2\/posts"}],"about":[{"href":"https:\/\/sfdumitru.org\/ro\/wp-json\/wp\/v2\/types\/post"}],"author":[{"embeddable":true,"href":"https:\/\/sfdumitru.org\/ro\/wp-json\/wp\/v2\/users\/1"}],"replies":[{"embeddable":true,"href":"https:\/\/sfdumitru.org\/ro\/wp-json\/wp\/v2\/comments?post=6503"}],"version-history":[{"count":7,"href":"https:\/\/sfdumitru.org\/ro\/wp-json\/wp\/v2\/posts\/6503\/revisions"}],"predecessor-version":[{"id":6644,"href":"https:\/\/sfdumitru.org\/ro\/wp-json\/wp\/v2\/posts\/6503\/revisions\/6644"}],"wp:attachment":[{"href":"https:\/\/sfdumitru.org\/ro\/wp-json\/wp\/v2\/media?parent=6503"}],"wp:term":[{"taxonomy":"category","embeddable":true,"href":"https:\/\/sfdumitru.org\/ro\/wp-json\/wp\/v2\/categories?post=6503"},{"taxonomy":"post_tag","embeddable":true,"href":"https:\/\/sfdumitru.org\/ro\/wp-json\/wp\/v2\/tags?post=6503"}],"curies":[{"name":"wp","href":"https:\/\/api.w.org\/{rel}","templated":true}]}}