{"id":5377,"date":"2022-07-31T18:02:55","date_gmt":"2022-07-31T18:02:55","guid":{"rendered":"https:\/\/sfdumitru.org\/?p=5377"},"modified":"2024-03-11T17:54:12","modified_gmt":"2024-03-11T17:54:12","slug":"document-saint-stephen-the-great-zograf-athos","status":"publish","type":"post","link":"https:\/\/sfdumitru.org\/ro\/2022\/07\/document-saint-stephen-the-great-zograf-athos\/","title":{"rendered":"Un document cu semn\u0103tura sf\u00e2ntului \u0218tefan cel Mare la M\u0103n\u0103stirea Zografu de pe muntele Athos"},"content":{"rendered":"<div data-elementor-type=\"wp-post\" data-elementor-id=\"5377\" class=\"elementor elementor-5377\" data-elementor-settings=\"[]\">\n\t\t\t\t\t\t<div class=\"elementor-inner\">\n\t\t\t\t\t\t\t<div class=\"elementor-section-wrap\">\n\t\t\t\t\t\t\t<section class=\"elementor-section elementor-top-section elementor-element elementor-element-94bfdde elementor-section-boxed elementor-section-height-default elementor-section-height-default\" data-id=\"94bfdde\" data-element_type=\"section\">\n\t\t\t\t\t\t<div class=\"elementor-container elementor-column-gap-default\">\n\t\t\t\t\t\t\t<div class=\"elementor-row\">\n\t\t\t\t\t<div class=\"elementor-column elementor-col-100 elementor-top-column elementor-element elementor-element-5dd59cb\" data-id=\"5dd59cb\" data-element_type=\"column\">\n\t\t\t<div class=\"elementor-column-wrap elementor-element-populated\">\n\t\t\t\t\t\t\t<div class=\"elementor-widget-wrap\">\n\t\t\t\t\t\t<div class=\"elementor-element elementor-element-6992134 elementor-widget elementor-widget-text-editor\" data-id=\"6992134\" data-element_type=\"widget\" data-widget_type=\"text-editor.default\">\n\t\t\t\t<div class=\"elementor-widget-container\">\n\t\t\t\t\t\t\t\t<div class=\"elementor-text-editor elementor-clearfix\">\n\t\t\t\t\t<p>Nu exist\u0103 m\u0103n\u0103stire sau schit de pe Muntele Athos \u00een care s\u0103 nu fie un zid de sprijin pus de un domnitor rom\u00e2n. Numele lui \u015etefan cel Mare este emblematic pentru toate, peste tot pe unde am reu\u015fit s\u0103 ajungem am g\u0103sit urme ale generozit\u0103\u0163ii \u015fi credin\u0163ei sale. La Vatopedu, ast\u0103zi m\u0103n\u0103stire greceasc\u0103, am aflat c\u0103 \u015etefan cel Mare chiar ar fi stat o vreme \u00een Sf\u00eentul Munte, perioada dintre moartea tat\u0103lui s\u0103u \u015fi ridicarea sa pe tron.<\/p><p><img loading=\"lazy\" decoding=\"async\" class=\"wp-image-5450 size-full alignright\" src=\"https:\/\/sfdumitru.org\/wordpress\/wp-content\/uploads\/2023\/01\/ja22_image-002.jpg\" alt=\"\" width=\"360\" height=\"261\" srcset=\"https:\/\/sfdumitru.org\/wordpress\/wp-content\/uploads\/2023\/01\/ja22_image-002.jpg 360w, https:\/\/sfdumitru.org\/wordpress\/wp-content\/uploads\/2023\/01\/ja22_image-002-300x218.jpg 300w, https:\/\/sfdumitru.org\/wordpress\/wp-content\/uploads\/2023\/01\/ja22_image-002-16x12.jpg 16w\" sizes=\"auto, (max-width: 360px) 100vw, 360px\" \/>M\u0103n\u0103stirea Zografu, ast\u0103zi bulg\u0103reasc\u0103, a fost reconstruit\u0103 integral de \u015etefan cel Mare, dup\u0103 ce aceasta ajunsese o ruin\u0103. Aici exist\u0103 la vedere o copie a unui document semnat de domnitor la anul 1502 \u015fi de la care am primit o copie \u00een traducere: <em>\u201cIar pentru alt\u0103 mil\u0103, pe care o va da Dumnezeu, Cunosc\u0103torul de inimi \u015fi Ochiul cel ce vede toate, Sf\u00eenta M\u0103n\u0103stire \u015fi Biseric\u0103 a lui Dumnezeu, egumenul \u015fi preo\u0163ii \u015fi to\u0163i fra\u0163ii \u00eentru Hristos ce vie\u0163uiesc acolo s\u0103 \u0163ie \u015fi s\u0103 \u00eemplineasc\u0103 acest a\u015fez\u0103m\u00eent, dup\u0103 r\u00eenduiala Sfintei Biserici \u015fi dup\u0103 dorin\u0163a noastr\u0103, cum o vom ar\u0103ta mai departe: \u00eenainte de toate s\u0103 scrie pe domnia mea la Sf\u00eenta Proscomidie, dup\u0103 datina Sfin\u0163ilor P\u0103rin\u0163i \u015fi dup\u0103 a\u015fezam\u00eentul Sfintei Biserici, \u015fi s\u0103 scrie \u015fi pe doamna mea \u015fi pe copiii no\u015ftri, d\u0103rui\u0163i de Dumnezeu: Alexandru \u015fi Elena, \u015fi s\u0103 stea \u00een sf\u00eentul pomelnic cum este scris. \u015ei iar\u0103\u015fi p\u00een\u0103 c\u00eend va fi mila lui Dumnezeu Atot\u0163iitorul asupra noastr\u0103 \u015fi vom fi \u00een via\u0163\u0103 pe lumea aceasta, Sf\u00eenta Biseric\u0103 s\u0103 ne c\u00eente s\u00eemb\u0103ta seara paraclis \u015fi duminic\u0103 la pr\u00eenz s\u0103 se dea b\u0103utur\u0103. Mar\u0163ea s\u0103 ni se c\u00eente Liturghie \u015fi la pr\u00eenz s\u0103 se dea b\u0103utur\u0103; \u015fi s\u0103 se pomeneasc\u0103 \u00een fiecare zi la vecernie \u015fi la pavecerni\u0163\u0103 \u015fi la miezul nop\u0163ii \u015fi la utrenie \u015fi la Liturghie \u015fi la Sf\u00e2nta Proscomidie \u015fi unde este obiceiul Sfintei \u015fi Dumnezeie\u015ftii Biserici. Aceasta s\u0103 ni se fac\u0103 c\u00eet vom fi \u00een via\u0163\u0103. Iar dup\u0103 trecerea anilor no\u015ftri, dup\u0103 trecerea vie\u0163ii noastre, \u00een primul an s\u0103 ni se fac\u0103 \u015fi s\u0103 ni se c\u00eente sf\u00eentul parastas \u00een sobor \u015fi apoi slujbele de a treia zi, \u015fi asemenea la a noua zi, la a dou\u0103zecea zi, la a patruzecea zi \u015fi la jum\u0103tate de an \u015fi iar\u0103\u015fi la un an. Iar dup\u0103 trecerea unui an de atunci, s\u0103 ni se c\u00eente \u00een fiecare an, \u00eentr-o zi, \u00een sobor de pomenire, seara parastas \u015fi coliv\u0103 \u015fi b\u0103utur\u0103, iar diminea\u0163a la Sf\u00e2nta Liturghie \u015fi coliv\u0103 \u015fi iar\u0103\u015fi la pr\u00eenz b\u0103utur\u0103, spre m\u00eeng\u00eeierea fra\u0163ilor. Aceasta s\u0103 r\u0103m\u00een\u0103 a\u015fa c\u00eet va d\u0103inui Sf\u00eenta M\u0103n\u0103stire\u201d.<\/em><\/p><p><img loading=\"lazy\" decoding=\"async\" class=\"alignleft wp-image-5474 size-full\" src=\"https:\/\/sfdumitru.org\/wordpress\/wp-content\/uploads\/2023\/01\/ja22_image-003.jpg\" alt=\"\" width=\"341\" height=\"447\" srcset=\"https:\/\/sfdumitru.org\/wordpress\/wp-content\/uploads\/2023\/01\/ja22_image-003.jpg 341w, https:\/\/sfdumitru.org\/wordpress\/wp-content\/uploads\/2023\/01\/ja22_image-003-229x300.jpg 229w, https:\/\/sfdumitru.org\/wordpress\/wp-content\/uploads\/2023\/01\/ja22_image-003-9x12.jpg 9w\" sizes=\"auto, (max-width: 341px) 100vw, 341px\" \/>Am \u00eentrebat pe \u00eenso\u0163itorul nostru, p\u0103rintele Damaschin de la Prodromu, dac\u0103 lucrul acesta este respectat \u015fi am primit \u00eencredin\u0163area c\u0103 da. Chiar \u015fi \u00een privin\u0163a b\u0103uturii, pentru care domnitorul a avut o sporit\u0103 grij\u0103 \u015fi asta \u201espre m\u00eeng\u00eeierea fra\u0163ilor\u201d. Pe Athos regulile \u015fi respectarea lor \u0163in piatra legat\u0103 de piatr\u0103. Sau leag\u0103 piatra de cer. Dar ele, m\u0103n\u0103stirile, de pe Athos sau de pe Ceahl\u0103u, n-ar fi dec\u00eet piatr\u0103 amar\u0103 dac\u0103 n-ar fi \u00eensufle\u0163ite pe din\u0103untru de ob\u015ftile de c\u0103lug\u0103ri care alc\u0103tuiesc o lume aparte. De\u015fi e o lume redus\u0103 numerice\u015fte, ai impresia c\u0103 pe umerii ei se sprijin\u0103 mul\u0163imea uman\u0103 din jur, c\u0103 pe umerii ei st\u0103 o parte din responsabilitatea vie\u0163ii \u015fi mor\u0163ii din lume, a ve\u015fniciei \u015fi m\u00eentuirii.<\/p><p style=\"text-align: right;\"><em>Adrian ALUI GHEORGHE<\/em><\/p>\t\t\t\t\t<\/div>\n\t\t\t\t\t\t<\/div>\n\t\t\t\t<\/div>\n\t\t\t\t\t\t<\/div>\n\t\t\t\t\t<\/div>\n\t\t<\/div>\n\t\t\t\t\t\t\t\t<\/div>\n\t\t\t\t\t<\/div>\n\t\t<\/section>\n\t\t\t\t\t\t<\/div>\n\t\t\t\t\t\t<\/div>\n\t\t\t\t\t<\/div>","protected":false},"excerpt":{"rendered":"<p>There is no monastery or skete on Mount Athos that did not receive support from a Romanian ruler. The name of Stephen the Great is emblematic in all; wherever we managed to visit, we encountered traces of his generosity and faith. At Vatopedi, today a Greek monastery, we discovered that Stephen the Great even lived [&hellip;]<\/p>","protected":false},"author":1,"featured_media":0,"comment_status":"closed","ping_status":"closed","sticky":false,"template":"","format":"standard","meta":{"spay_email":"","footnotes":""},"categories":[71],"tags":[33],"class_list":["post-5377","post","type-post","status-publish","format-standard","hentry","category-icon-from-within-jul-aug-22","tag-christian-culture","entry"],"jetpack_featured_media_url":"","_links":{"self":[{"href":"https:\/\/sfdumitru.org\/ro\/wp-json\/wp\/v2\/posts\/5377","targetHints":{"allow":["GET"]}}],"collection":[{"href":"https:\/\/sfdumitru.org\/ro\/wp-json\/wp\/v2\/posts"}],"about":[{"href":"https:\/\/sfdumitru.org\/ro\/wp-json\/wp\/v2\/types\/post"}],"author":[{"embeddable":true,"href":"https:\/\/sfdumitru.org\/ro\/wp-json\/wp\/v2\/users\/1"}],"replies":[{"embeddable":true,"href":"https:\/\/sfdumitru.org\/ro\/wp-json\/wp\/v2\/comments?post=5377"}],"version-history":[{"count":10,"href":"https:\/\/sfdumitru.org\/ro\/wp-json\/wp\/v2\/posts\/5377\/revisions"}],"predecessor-version":[{"id":5477,"href":"https:\/\/sfdumitru.org\/ro\/wp-json\/wp\/v2\/posts\/5377\/revisions\/5477"}],"wp:attachment":[{"href":"https:\/\/sfdumitru.org\/ro\/wp-json\/wp\/v2\/media?parent=5377"}],"wp:term":[{"taxonomy":"category","embeddable":true,"href":"https:\/\/sfdumitru.org\/ro\/wp-json\/wp\/v2\/categories?post=5377"},{"taxonomy":"post_tag","embeddable":true,"href":"https:\/\/sfdumitru.org\/ro\/wp-json\/wp\/v2\/tags?post=5377"}],"curies":[{"name":"wp","href":"https:\/\/api.w.org\/{rel}","templated":true}]}}