{"id":529,"date":"2020-12-31T18:09:00","date_gmt":"2020-12-31T18:09:00","guid":{"rendered":"https:\/\/sfdumitru.org\/wordpress\/?p=529"},"modified":"2024-03-11T17:56:29","modified_gmt":"2024-03-11T17:56:29","slug":"youth-voice-xii-2020","status":"publish","type":"post","link":"https:\/\/sfdumitru.org\/ro\/2020\/12\/youth-voice-xii-2020\/","title":{"rendered":"\u00cencredere"},"content":{"rendered":"<div data-elementor-type=\"wp-post\" data-elementor-id=\"529\" class=\"elementor elementor-529\" data-elementor-settings=\"[]\">\n\t\t\t\t\t\t<div class=\"elementor-inner\">\n\t\t\t\t\t\t\t<div class=\"elementor-section-wrap\">\n\t\t\t\t\t\t\t<section class=\"elementor-section elementor-top-section elementor-element elementor-element-2e88be3c elementor-section-boxed elementor-section-height-default elementor-section-height-default\" data-id=\"2e88be3c\" data-element_type=\"section\">\n\t\t\t\t\t\t<div class=\"elementor-container elementor-column-gap-default\">\n\t\t\t\t\t\t\t<div class=\"elementor-row\">\n\t\t\t\t\t<div class=\"elementor-column elementor-col-100 elementor-top-column elementor-element elementor-element-4b0be7ff\" data-id=\"4b0be7ff\" data-element_type=\"column\">\n\t\t\t<div class=\"elementor-column-wrap elementor-element-populated\">\n\t\t\t\t\t\t\t<div class=\"elementor-widget-wrap\">\n\t\t\t\t\t\t<div class=\"elementor-element elementor-element-53ad8a9d elementor-widget elementor-widget-text-editor\" data-id=\"53ad8a9d\" data-element_type=\"widget\" data-widget_type=\"text-editor.default\">\n\t\t\t\t<div class=\"elementor-widget-container\">\n\t\t\t\t\t\t\t\t<div class=\"elementor-text-editor elementor-clearfix\">\n\t\t\t\t\t<p class=\" translation-block\">\u00cemi amintesc c\u0103, atunci c\u00e2nd eram mic\u0103 \u0219i m\u0103 sim\u021beam neajutorat\u0103 \u00een bra\u021bele mamei, speram...nu, eram sigur\u0103 c\u0103, atunci c\u00e2nd voi cre\u0219te, voi afla toate r\u0103spunsurile la provoc\u0103rile vie\u021bii. Apoi am \u00eemplinit 18 ani \u0219i eram la fel de pierdut\u0103; apoi 22 \u2013 tot at\u00e2t de dezorientat\u0103.<\/p>\n<p><span style=\"font-weight: 400;\">Via\u021ba ne \u00eent\u00e2mpin\u0103 cu o mul\u021bime de \u00eentreb\u0103ri la care \u00eencerc\u0103m din r\u0103sputeri s\u0103 r\u0103spundem. Problemele devin \u0219i mai descurajante atunci c\u00e2nd e\u0219ti t\u00e2n\u0103r adult \u0219i trebuie s\u0103 iei decizii cruciale: ce s\u0103 faci dup\u0103 liceu, \u00een ce s\u0103 te specializezi, ce carier\u0103 s\u0103-\u021bi alegi, ce prieteni s\u0103 ai, ce s\u0103 faci \u00een privin\u021ba iubirii, cum s\u0103 echilibrezi munca \u0219i \u0219coala, ce priorit\u0103\u021bi s\u0103 \u00ee\u021bi stabile\u0219ti, ce abilit\u0103\u021bi s\u0103-\u021bi perfec\u021bionezi \u0219i ce fel de persoan\u0103 s\u0103 devii. M-am chinuit foarte mult cu aceste decizii p\u00e2n\u0103 c\u00e2nd, \u00eentr-o zi, cople\u0219it\u0103 de haosul din cap, de durerea din piept \u0219i de lacrimile de pe obraji, am \u00een\u021beles c\u0103, de fapt, am r\u0103spunsul la toate \u0219i c\u0103 r\u0103spunsul este Dumnezeu.<\/span><\/p>\n<p><span style=\"font-weight: 400;\">A deveni adult este un proces de cizelare \u0219i de reglaj fin al persoanei. Este o perioad\u0103 plin\u0103 de ambi\u021bii \u0219i pasiuni, dar, cel mai important, este perioada \u00een care ar trebui s\u0103 \u00eenv\u0103\u021b\u0103m cum s\u0103 avem \u00eencredere \u00een Dumnezeu \u0219i s\u0103 cre\u0219tem \u00een credin\u021ba noastr\u0103, c\u0103ci aceasta este temelia a tot ceea ce conteaz\u0103 cu adev\u0103rat \u00een via\u021b\u0103. C\u00e2nd m\u0103 confrunt cu frica, cu singur\u0103tatea, cu durerea sau cu triste\u021bea, \u00eemi imaginez c\u0103 sunt \u00een \u00eembr\u0103\u021bi\u0219area lui Dumnezeu pentru c\u0103 El este Tat\u0103l meu \u0219i El va \u0219ti \u00eentotdeauna s\u0103 m\u0103 m\u00e2ng\u00e2ie mai bine dec\u00e2t oricine altcineva din aceast\u0103 lume.<\/span><\/p>\n<p class=\" translation-block\">Un capitol din Biblie, care \u00eemi este foarte drag, este Epistola Sf\u00e2ntului Apostol Pavel c\u0103tre Romani, capitolul 8, pentru c\u0103 m-a \u00eent\u0103rit s\u0103 m\u0103 las cu totul \u00een voia lui Dumnezeu \u0219i s\u0103 am \u00eencredere \u00een El. Versetele 38-39 spun: \u201eC\u0103ci sunt \u00eencredin\u0163at c\u0103 nici moartea, nici via\u0163a, nici \u00eengerii, nici st\u0103p\u00e2nirile, nici cele de acum, nici cele ce vor fi, nici puterile, nici \u00een\u0103l\u0163imea, nici ad\u00e2ncul \u015fi nicio alt\u0103 f\u0103ptur\u0103 nu va putea s\u0103 ne despart\u0103 pe noi de dragostea lui Dumnezeu, cea \u00eentru Hristos Iisus, Domnul nostru\u201d. Mereu simt c\u0103 Dumnezeu \u0219tie ce este mai bine pentru mine, pentru c\u0103 m\u0103 iube\u0219te mult.<\/p>\n<p><span style=\"font-weight: 400;\">\u0218i, de vreme ce tr\u0103iesc \u00eentr-o lume care \u00eemi \u00eence\u021bo\u0219eaz\u0103 mintea cu priorit\u0103\u021bi gre\u0219ite, \u00eencerc s\u0103-mi reamintesc c\u0103 Hristos este temelia a toate, c\u0103 El \u0219tie ce am nevoie. Dac\u0103 \u00cel p\u0103str\u0103m \u00een inimile noastre, toate durerile \u0219i greut\u0103\u021bile noastre sunt rezolvate. C\u00e2nd sunt tulburat\u0103 de luarea deciziilor \u0219i de \u00eentreb\u0103rile f\u0103r\u0103 r\u0103spuns, m\u0103 pun \u00een genunchi \u0219i m\u0103 rog pentru \u00eendrumare \u0219i limpezire. M\u0103 \u00eentorc la cuvintele sfin\u021bilor no\u0219tri \u0219i ale Sfin\u021bilor P\u0103rin\u021bi, merg la biseric\u0103 \u0219i \u00cel las pe Dumnezeu s\u0103-mi m\u00e2ng\u00e2ie inima \u0219i s\u0103-mi arate ce conteaz\u0103 cu adev\u0103rat a\u0219a cum \u0219tie El mai bine.<\/span><\/p>\t\t\t\t\t<\/div>\n\t\t\t\t\t\t<\/div>\n\t\t\t\t<\/div>\n\t\t\t\t<div class=\"elementor-element elementor-element-3f32718 elementor-widget elementor-widget-image\" data-id=\"3f32718\" data-element_type=\"widget\" data-widget_type=\"image.default\">\n\t\t\t\t<div class=\"elementor-widget-container\">\n\t\t\t\t\t\t\t\t<div class=\"elementor-image\">\n\t\t\t\t\t\t\t\t\t\t\t\t<img loading=\"lazy\" decoding=\"async\" width=\"600\" height=\"400\" src=\"https:\/\/sfdumitru.org\/wordpress\/wp-content\/uploads\/2021\/02\/xii_2020_alexandra-vazquez-dhT_lTIkcXI-unsplash.jpg\" class=\"attachment-full size-full\" alt=\"\" \/>\t\t\t\t\t\t\t\t\t\t\t\t\t\t<\/div>\n\t\t\t\t\t\t<\/div>\n\t\t\t\t<\/div>\n\t\t\t\t\t\t<\/div>\n\t\t\t\t\t<\/div>\n\t\t<\/div>\n\t\t\t\t\t\t\t\t<\/div>\n\t\t\t\t\t<\/div>\n\t\t<\/section>\n\t\t\t\t\t\t<\/div>\n\t\t\t\t\t\t<\/div>\n\t\t\t\t\t<\/div>","protected":false},"excerpt":{"rendered":"<p>I remember that when I was a little girl and felt helpless in my mother\u2019s arms, I hoped&#8230; no, I was certain that when I grew up, I would know all the answers to life and its challenges. Then I turned 18, and I was still as lost; then I turned 22\u2014just as clueless. Life [&hellip;]<\/p>","protected":false},"author":1,"featured_media":0,"comment_status":"closed","ping_status":"closed","sticky":false,"template":"","format":"standard","meta":{"spay_email":"","footnotes":""},"categories":[13],"tags":[29],"class_list":["post-529","post","type-post","status-publish","format-standard","hentry","category-xii-2020","tag-youth-voice","entry"],"jetpack_featured_media_url":"","_links":{"self":[{"href":"https:\/\/sfdumitru.org\/ro\/wp-json\/wp\/v2\/posts\/529","targetHints":{"allow":["GET"]}}],"collection":[{"href":"https:\/\/sfdumitru.org\/ro\/wp-json\/wp\/v2\/posts"}],"about":[{"href":"https:\/\/sfdumitru.org\/ro\/wp-json\/wp\/v2\/types\/post"}],"author":[{"embeddable":true,"href":"https:\/\/sfdumitru.org\/ro\/wp-json\/wp\/v2\/users\/1"}],"replies":[{"embeddable":true,"href":"https:\/\/sfdumitru.org\/ro\/wp-json\/wp\/v2\/comments?post=529"}],"version-history":[{"count":7,"href":"https:\/\/sfdumitru.org\/ro\/wp-json\/wp\/v2\/posts\/529\/revisions"}],"predecessor-version":[{"id":1246,"href":"https:\/\/sfdumitru.org\/ro\/wp-json\/wp\/v2\/posts\/529\/revisions\/1246"}],"wp:attachment":[{"href":"https:\/\/sfdumitru.org\/ro\/wp-json\/wp\/v2\/media?parent=529"}],"wp:term":[{"taxonomy":"category","embeddable":true,"href":"https:\/\/sfdumitru.org\/ro\/wp-json\/wp\/v2\/categories?post=529"},{"taxonomy":"post_tag","embeddable":true,"href":"https:\/\/sfdumitru.org\/ro\/wp-json\/wp\/v2\/tags?post=529"}],"curies":[{"name":"wp","href":"https:\/\/api.w.org\/{rel}","templated":true}]}}