{"id":519,"date":"2020-12-31T18:04:00","date_gmt":"2020-12-31T18:04:00","guid":{"rendered":"https:\/\/sfdumitru.org\/wordpress\/?p=519"},"modified":"2024-03-11T17:56:59","modified_gmt":"2024-03-11T17:56:59","slug":"apostle-xii-2020","status":"publish","type":"post","link":"https:\/\/sfdumitru.org\/ro\/2020\/12\/apostle-xii-2020\/","title":{"rendered":"Cetatea al c\u0103rei me\u0219ter este Dumnezeu (Evrei 11, 10)"},"content":{"rendered":"<div data-elementor-type=\"wp-post\" data-elementor-id=\"519\" class=\"elementor elementor-519\" data-elementor-settings=\"[]\">\n\t\t\t\t\t\t<div class=\"elementor-inner\">\n\t\t\t\t\t\t\t<div class=\"elementor-section-wrap\">\n\t\t\t\t\t\t\t<section class=\"elementor-section elementor-top-section elementor-element elementor-element-4099ad9f elementor-section-boxed elementor-section-height-default elementor-section-height-default\" data-id=\"4099ad9f\" data-element_type=\"section\">\n\t\t\t\t\t\t<div class=\"elementor-container elementor-column-gap-default\">\n\t\t\t\t\t\t\t<div class=\"elementor-row\">\n\t\t\t\t\t<div class=\"elementor-column elementor-col-100 elementor-top-column elementor-element elementor-element-3c9dd8b6\" data-id=\"3c9dd8b6\" data-element_type=\"column\">\n\t\t\t<div class=\"elementor-column-wrap elementor-element-populated\">\n\t\t\t\t\t\t\t<div class=\"elementor-widget-wrap\">\n\t\t\t\t\t\t<div class=\"elementor-element elementor-element-30d48c62 elementor-widget elementor-widget-text-editor\" data-id=\"30d48c62\" data-element_type=\"widget\" data-widget_type=\"text-editor.default\">\n\t\t\t\t<div class=\"elementor-widget-container\">\n\t\t\t\t\t\t\t\t<div class=\"elementor-text-editor elementor-clearfix\">\n\t\t\t\t\t<p><!-- wp:paragraph --><\/p>\n<p><span style=\"font-weight: 400;\">\u00cen duminica dinaintea Na\u0219terii Domnului, c\u00e2nd \u00een Evanghelie avem genealogia M\u00e2ntuitorului, Apostolul ne pune \u00eenainte cetatea cu temelie puternic\u0103 pe care a f\u0103cut-o Dumnezeu prin oamenii s\u0103i drep\u021bi, culmin\u00e2nd cu \u00centruparea Fiului S\u0103u.\u00a0<\/span><\/p>\n<p><span style=\"font-weight: 400;\"><img loading=\"lazy\" decoding=\"async\" class=\"size-full wp-image-808 alignright\" src=\"https:\/\/sfdumitru.org\/wordpress\/wp-content\/uploads\/2021\/02\/xii_2020_IMG_2706.jpg\" alt=\"\" width=\"400\" height=\"300\" \/>A\u0219adar, avem Epistola Sf\u00e2ntului Pavel c\u0103tre Evrei, unde Sf\u00e2ntul Pavel laud\u0103 pe to\u021bi drep\u021bii Vechiului Testament. \u0218i \u00eencepe cu Avraam: <em>\u201ePrin credin\u021b\u0103, Avraam, c\u00e2nd a fost chemat, a ascultat \u015fi a ie\u015fit la locul pe care era s\u0103-l ia spre mo\u015ftenire \u015fi a ie\u015fit ne\u015ftiind \u00eencotro merge\u201d <\/em>(11, 8). Dumnezeu doar l-a chemat. Este interesant\u0103 aceast\u0103 chemare a lui, c\u0103ci Dumnezeu nu \u00eei putea vorbi, iar el nu putea r\u0103spunde corespunz\u0103tor chem\u0103rii lui Dumnezeu, dac\u0103 era \u00een mijlocul neamului s\u0103u. Iar Dumnezeu nu i-a spus unde \u0219i ce s\u0103 fac\u0103, dar prin credin\u021b\u0103 a ascultat, f\u0103r\u0103 s\u0103 \u0219tie \u00eens\u0103 \u00eencotro merge. \u0218i tot prin credin\u021b\u0103 a locuit vremelnic \u00een p\u0103m\u00e2ntul f\u0103g\u0103duin\u021bei, Canaanul, <em>\u201eca \u00eentr-un p\u0103m\u00e2nt str\u0103in, locuind \u00een corturi cu Isaac \u015fi cu Iacov, cei dimpreun\u0103 mo\u015ftenitori ai aceleia\u015fi f\u0103g\u0103duin\u021be\u201d <\/em>(11, 9). Deci nu au st\u0103p\u00e2nit acel p\u0103m\u00e2nt. De\u0219i urma s\u0103 se \u00eent\u00e2mple o lucrare mare cu ei, Dumnezeu i-a l\u0103sat, a\u0219a-zic\u00e2nd, suspenda\u021bi, f\u0103r\u0103 ceva sigur, f\u0103r\u0103 o proprietate asupra unui p\u0103m\u00e2nt m\u0103car. De aceea spune Sf\u00e2ntul Pavel: <em>\u201eC\u0103ci a\u015ftepta cetatea cu temelii puternice, al c\u0103rei me\u015fter \u015fi lucr\u0103tor este Dumnezeu\u201d <\/em>(11, 10).<\/span><\/p>\n<p><span style=\"font-weight: 400;\">Sf\u00e2ntul Pavel folose\u0219te acest contrast \u00eentre corturile \u00een care st\u0103tea Avraam \u0219i cetatea pe care o construia Dumnezeu, chiar prin ei. Ei erau la temelia acelei cet\u0103\u021bi, dar st\u0103teau \u00een corturi. R\u0103m\u00e2ne \u00eens\u0103 aceast\u0103 imagine a lui Dumnezeu ca me\u0219ter al unei cet\u0103\u021bi. \u0218i genealogia din Evanghelia de azi, de la Sf\u00e2ntul Matei, 1, 1-16, asta ne arat\u0103: ce a construit Dumnezeu, me\u0219ter fiind. Cum a reu\u0219it din ad\u00e2nc s\u0103 \u00eel aduc\u0103 pe om p\u00e2n\u0103 la \u00centruparea Fiului S\u0103u.\u00a0<\/span><\/p>\n<p><span style=\"font-weight: 400;\">Oamenii, \u00een nebunia lor, au construit Turnul Babel, al c\u0103rui v\u00e2rf \u00eel doreau s\u0103 ajung\u0103 p\u00e2n\u0103 \u201ela cer\u201d (Facerea 11, 4) \u0219i atunci Dumnezeu le-a amestecat limbile ca s\u0103 nu se \u00een\u021beleag\u0103 \u0219i s\u0103 nu \u00eel termine. Dar El, \u00een paralel, construie\u0219te, prin drep\u021bii Vechiului Testament, aceast\u0103 cetate cu temelii puternice, care duce la cer. C\u0103ci a\u0219a s-a \u0219i \u00eent\u00e2mplat. Dumnezeu a f\u0103cut oamenii care au ajuns la \u00een\u0103l\u021bime, Maica Domnului fiind v\u00e2rful \u0219i prin ea s-a unit cerul cu p\u0103m\u00e2ntul, Creatorul cu creatura, venind M\u00e2ntuitorul.\u00a0<\/span><\/p>\n<p class=\" translation-block\">\u0218i pentru a ne \u00eemp\u0103rt\u0103\u0219i mai mult de aceast\u0103 minune, s\u0103 cit\u0103m c\u00e2teva cuvinte de la Sf\u00e2ntul Prooroc Isaia, \u00een care Dumnezeu vorbe\u0219te f\u0103r\u0103 echivoc despre cine este El. Vedem totodat\u0103 \u0219i c\u00e2t de str\u0103in\u0103 este minunea care s-a lucrat prin toat\u0103 aceast\u0103 genealogie \u0219i prin tot ce a f\u0103cut Dumnezeu ca me\u0219ter al acestei cet\u0103\u021bi:<\/p>\n<p class=\" translation-block\"><em>\u201eA\u015fa zice Domnul, Ziditorul t\u0103u, Iacove, \u015fi Creatorul t\u0103u, Israele: s\u0103 crede\u021bi \u015fi s\u0103 pricepe\u021bi c\u0103 Eu sunt: \u00eenainte de Mine n-a fost Dumnezeu \u015fi nici dup\u0103 Mine nu va mai fi! Eu, Eu sunt Domnul \u015fi nu este izb\u0103vitor afar\u0103 de Mine! Eu sunt Dumnezeu din ve\u015fnicie \u015fi de aici \u00eencolo Eu sunt! Nimeni nu poate s\u0103 ias\u0103 de sub puterea Mea \u015fi ceea ce fac Eu, cine poate strica? Eu sunt Domnul, Sf\u00e2ntul vostru, Ziditorul lui Israel, \u00cemp\u0103ratul vostru! (43, 1, 10-15, 15) Eu sunt Cel dint\u00e2i \u015fi Cel de pe urm\u0103 \u015fi nu este alt dumnezeu afar\u0103 de Mine! (44, 6) Eu sunt Domnul \u015fi nimeni altul! Afar\u0103 de Mine nu este Dumnezeu, s\u0103 se \u015ftie de la r\u0103s\u0103rit \u015fi p\u00e2n\u0103 la apus c\u0103 nu este nimic afar\u0103 de Mine! Eu sunt Domnul \u015fi nimeni altul! C\u0103 a\u015fa zice Domnul, Care a f\u0103cut cerurile, Dumnezeu, Care a \u00eentocmit p\u0103m\u00e2ntul, l-a f\u0103cut \u015fi l-a \u00eent\u0103rit; \u015fi nu \u00een de\u015fert l-a f\u0103cut, ci ca s\u0103 fie locuit: Eu sunt Domnul \u015fi nu este altul!\u201d <\/em>(45, 5-6, 18).<\/p>\n<p><span style=\"font-weight: 400;\">Cu adev\u0103rat mare este acest Praznic al \u00centrup\u0103rii, minunat\u0103 este cetatea construit\u0103 de Singurul Dumnezeu: unirea Creatorului cu creatura.<\/span><\/p>\n<p><!-- \/wp:paragraph --><\/p>\t\t\t\t\t<\/div>\n\t\t\t\t\t\t<\/div>\n\t\t\t\t<\/div>\n\t\t\t\t\t\t<\/div>\n\t\t\t\t\t<\/div>\n\t\t<\/div>\n\t\t\t\t\t\t\t\t<\/div>\n\t\t\t\t\t<\/div>\n\t\t<\/section>\n\t\t\t\t\t\t<\/div>\n\t\t\t\t\t\t<\/div>\n\t\t\t\t\t<\/div>","protected":false},"excerpt":{"rendered":"<p>On the Sunday before the Nativity of the Lord, the Holy Apostle Paul puts before us the city with strong foundations built by God through his righteous people, culminating in the Incarnation of His Son.\u00a0 Thus we have the Epistle of St. Paul to the Hebrews wherein Saint Paul praises all the righteous of the [&hellip;]<\/p>","protected":false},"author":1,"featured_media":0,"comment_status":"closed","ping_status":"closed","sticky":false,"template":"","format":"standard","meta":{"spay_email":"","footnotes":""},"categories":[13],"tags":[24],"class_list":["post-519","post","type-post","status-publish","format-standard","hentry","category-xii-2020","tag-apostle","entry"],"jetpack_featured_media_url":"","_links":{"self":[{"href":"https:\/\/sfdumitru.org\/ro\/wp-json\/wp\/v2\/posts\/519","targetHints":{"allow":["GET"]}}],"collection":[{"href":"https:\/\/sfdumitru.org\/ro\/wp-json\/wp\/v2\/posts"}],"about":[{"href":"https:\/\/sfdumitru.org\/ro\/wp-json\/wp\/v2\/types\/post"}],"author":[{"embeddable":true,"href":"https:\/\/sfdumitru.org\/ro\/wp-json\/wp\/v2\/users\/1"}],"replies":[{"embeddable":true,"href":"https:\/\/sfdumitru.org\/ro\/wp-json\/wp\/v2\/comments?post=519"}],"version-history":[{"count":7,"href":"https:\/\/sfdumitru.org\/ro\/wp-json\/wp\/v2\/posts\/519\/revisions"}],"predecessor-version":[{"id":1222,"href":"https:\/\/sfdumitru.org\/ro\/wp-json\/wp\/v2\/posts\/519\/revisions\/1222"}],"wp:attachment":[{"href":"https:\/\/sfdumitru.org\/ro\/wp-json\/wp\/v2\/media?parent=519"}],"wp:term":[{"taxonomy":"category","embeddable":true,"href":"https:\/\/sfdumitru.org\/ro\/wp-json\/wp\/v2\/categories?post=519"},{"taxonomy":"post_tag","embeddable":true,"href":"https:\/\/sfdumitru.org\/ro\/wp-json\/wp\/v2\/tags?post=519"}],"curies":[{"name":"wp","href":"https:\/\/api.w.org\/{rel}","templated":true}]}}