{"id":4185,"date":"2022-01-31T18:06:04","date_gmt":"2022-01-31T18:06:04","guid":{"rendered":"https:\/\/sfdumitru.org\/?p=4185"},"modified":"2024-03-11T17:55:02","modified_gmt":"2024-03-11T17:55:02","slug":"meditation-ii-2022","status":"publish","type":"post","link":"https:\/\/sfdumitru.org\/ro\/2022\/01\/meditation-ii-2022\/","title":{"rendered":"\u201eVas pecetluit al Duhului Sf\u00e2nt\u201d"},"content":{"rendered":"<div data-elementor-type=\"wp-post\" data-elementor-id=\"4185\" class=\"elementor elementor-4185\" data-elementor-settings=\"[]\">\n\t\t\t\t\t\t<div class=\"elementor-inner\">\n\t\t\t\t\t\t\t<div class=\"elementor-section-wrap\">\n\t\t\t\t\t\t\t<section class=\"elementor-section elementor-top-section elementor-element elementor-element-2ca8441 elementor-section-boxed elementor-section-height-default elementor-section-height-default\" data-id=\"2ca8441\" data-element_type=\"section\">\n\t\t\t\t\t\t<div class=\"elementor-container elementor-column-gap-default\">\n\t\t\t\t\t\t\t<div class=\"elementor-row\">\n\t\t\t\t\t<div class=\"elementor-column elementor-col-100 elementor-top-column elementor-element elementor-element-f2c3580\" data-id=\"f2c3580\" data-element_type=\"column\">\n\t\t\t<div class=\"elementor-column-wrap elementor-element-populated\">\n\t\t\t\t\t\t\t<div class=\"elementor-widget-wrap\">\n\t\t\t\t\t\t<div class=\"elementor-element elementor-element-2df363e elementor-widget elementor-widget-text-editor\" data-id=\"2df363e\" data-element_type=\"widget\" data-widget_type=\"text-editor.default\">\n\t\t\t\t<div class=\"elementor-widget-container\">\n\t\t\t\t\t\t\t\t<div class=\"elementor-text-editor elementor-clearfix\">\n\t\t\t\t\t<p>Timpurile \u00een care tr\u0103im sunt \u00eenfrico\u0219\u0103toare, grele \u0219i necesit\u0103 o preg\u0103tire din partea noastr\u0103. Mul\u021bi ne \u00eentreab\u0103, pentru c\u0103 sunt acolo, aproape de zona de conflict, ce e de f\u0103cut. Ceea ce tr\u0103im nu e dec\u00e2t o manifestare a bolii ce domne\u0219te \u00een lume, a p\u0103catului. \u0218i mai ales a p\u0103catelor acestea, \u00eempotriva firii, despre care p\u0103rintele Arsenie Papacioc spunea c\u0103 gr\u0103besc \u00cenfrico\u0219\u0103toarea Judecat\u0103.<\/p><p>Timpurile acestea ne cer nou\u0103 poc\u0103in\u021b\u0103 pentru p\u0103catele noastre, dar \u0219i pentru p\u0103catele lumii. E mai ales un \u00eendemn de a ne ruga \u00eempreun\u0103 cu sfin\u021bii Bisericii. Iar un p\u0103rinte bun \u0219i mare al Bisericii noastre, p\u0103rintele Zaharia de la Essex, \u0219i-a \u00eendemnat ob\u0219tea s\u0103 nu vorbeasc\u0103 despre r\u0103zboi, ci doar s\u0103 se roage. Pentru c\u0103 atunci c\u00e2nd ne rug\u0103m primim har, iar c\u00e2nd vorbim \u00eel pierdem.<\/p><p class=\" translation-block\">\u00cen Evanghelia s\u00e2mbetei l\u0103satului sec de carne, M\u00e2ntuitorul ne vorbe\u0219te despre semnele celei de-a doua veniri a Sa \u0219i despre felul \u00een care noi trebuie s\u0103 trecem prin ele: \u201eIar c\u00e2nd ve\u021bi auzi de r\u0103zboaie \u0219i de r\u0103zmeri\u021be, <strong>s\u0103 nu v\u0103 \u00eensp\u0103im\u00e2nta\u021bi<\/strong>; c\u0103ci acestea trebuie s\u0103 fie \u00eent\u00e2i, dar sf\u00e2r\u0219itul nu va fi cur\u00e2nd... \u0218i vor fi cutremure mari \u0219i, pe alocurea, foamete \u0219i cium\u0103 \u0219i spaime \u0219i semne mari din cer vor fi... \u0218i vor fi semne \u00een soare, \u00een lun\u0103 \u0219i \u00een stele, iar pe p\u0103m\u00e2nt spaim\u0103 \u00eentru neamuri \u0219i nedumerire din pricina vuietului m\u0103rii \u0219i al valurilor. Iar oamenii vor muri de fric\u0103 \u0219i de a\u0219teptarea celor ce au s\u0103 vin\u0103 peste lume, c\u0103ci puterile cerurilor se vor cl\u0103tina... Iar c\u00e2nd vor \u00eencepe s\u0103 fie acestea, prinde\u021bi curaj \u0219i ridica\u021bi capetele voastre, pentru c\u0103 r\u0103scump\u0103rarea voastr\u0103 se apropie... Lua\u021bi seama la voi \u00een\u0219iv\u0103, s\u0103 nu se \u00eengreuieze inimile voastre de m\u00e2ncare \u0219i de b\u0103utur\u0103 \u0219i de grijile vie\u021bii, \u0219i ziua aceea s\u0103 vine peste voi f\u0103r\u0103 de veste, ca o curs\u0103... Priveghea\u021bi dar \u00een toat\u0103 vremea rug\u00e2ndu-v\u0103, ca s\u0103 v\u0103 \u00eent\u0103ri\u021bi s\u0103 sc\u0103pa\u021bi de toate acestea care au s\u0103 vin\u0103 \u0219i s\u0103 fi\u021bi vrednici s\u0103 sta\u021bi \u00eenaintea Fiului Omului\u201d (Luca 21, 9-36).<\/p><p>De baz\u0103 este \u00eendemnul de la final s\u0103 fim treji, s\u0103 ne rug\u0103m, s\u0103 nu ne \u00eengreun\u0103m cu b\u0103utura, cu m\u00e2ncarea sau cu grijile vie\u021bii. \u00centr-un cuv\u00e2nt, preocuparea noastr\u0103 s\u0103 fie atragerea harului. Numai harul lui Dumnezeu ne va ajuta s\u0103 trecem peste orice. Iar dac\u0103 inima tremur\u0103 \u00een noi \u0219i sl\u0103bim, \u00eenseamn\u0103 c\u0103 trebuie s\u0103 ne rug\u0103m mai mult. \u0218i \u0219ti\u021bi cum zicea p\u0103rintele Arsenie Papacioc c\u00e2nd era \u00eentrebat cum a rezistat \u00een \u00eenchisoare, \u201ep\u0103i, ghimpele era mare, trebuia s\u0103 ne rug\u0103m mai mult.\u201d \u0218i a\u0219a L-au v\u0103zut pe M\u00e2ntuitorul viu \u00een \u00eenchisoare. Deci e un \u00eendemn la mai mult\u0103 rug\u0103ciune pentru noi \u0219i atunci harul vine \u00een inim\u0103 \u0219i ne \u00eent\u0103re\u0219te.<\/p><p>M\u00e2ntuitorul nu ne vrea \u00eensp\u0103im\u00e2nta\u021bi. \u0218i dac\u0103 avem harul S\u0103u nu vom fi \u00eensp\u0103im\u00e2nta\u021bi. Modelul este Maica Domnului. \u00cen Acatistul Bunei Vestiri ea este numit\u0103 \u201evas pecetluit al Duhului Sf\u00e2nt\u201d. Iar p\u0103rintele Zaharia Zaharou spune c\u0103 ea niciodat\u0103 nu a pierdut vreo pic\u0103tur\u0103 de har din ce a primit. Nu \u0219i-a deschis gura nici \u00een bucurie, nici \u00een suferin\u021b\u0103. \u00cen bucurie doar o dat\u0103, la Buna Vestire.<\/p><p><img loading=\"lazy\" decoding=\"async\" class=\"size-full wp-image-4253 aligncenter\" src=\"https:\/\/sfdumitru.org\/wordpress\/wp-content\/uploads\/2022\/06\/janfeb22_img-8.jpg\" alt=\"\" width=\"380\" height=\"219\" srcset=\"https:\/\/sfdumitru.org\/wordpress\/wp-content\/uploads\/2022\/06\/janfeb22_img-8.jpg 380w, https:\/\/sfdumitru.org\/wordpress\/wp-content\/uploads\/2022\/06\/janfeb22_img-8-300x173.jpg 300w, https:\/\/sfdumitru.org\/wordpress\/wp-content\/uploads\/2022\/06\/janfeb22_img-8-16x9.jpg 16w\" sizes=\"auto, (max-width: 380px) 100vw, 380px\" \/><\/p><p>C\u00e2nd deschidem gura \u00een bucurie na\u0219tem invidie \u0219i pierdem har, c\u00e2nd deschidem gura \u00een suferin\u021b\u0103 na\u0219tem \u00een noi c\u00e2rtire, revolt\u0103, \u00eentreb\u0103ri f\u0103r\u0103 sf\u00e2r\u0219it \u0219i, la fel, pierdem mult har. R\u0103spunsul la toate greut\u0103\u021bile este s\u0103 p\u0103str\u0103m t\u0103cerea \u0219i s\u0103 ne rug\u0103m. \u0218i a\u0219a, harul se acumuleaz\u0103 \u00een inima noastr\u0103. Iar omul cu harul lui Dumnezeu \u00een inim\u0103 le dep\u0103\u0219e\u0219te pe toate. \u00cen parantez\u0103 fie spus, Maica Domnului a avut nevoie de tot harul ca s\u0103 treac\u0103 prin crucea Fiului. \u00cen fa\u021ba durerii pe care a sim\u021bit-o nu ar fi putut tr\u0103i dac\u0103 nu era \u00eent\u0103rit\u0103 de harul Duhului Sf\u00e2nt, zic P\u0103rin\u021bii.<\/p><p>Ea e modelul pentru noi de cum se trece printr-o nevoie. Cum se zice \u00een Evanghelie, ea ce auzea \u201epunea \u00een inima ei\u201d. Ce zicea dreptul Simeon sau altele pe care le auzea, ea toate le punea \u00een inima ei. A\u0219a \u0219i noi, s\u0103 punem \u00een inima noastr\u0103 rug\u0103ciunea de azi, m\u00e2ng\u00e2ierea lui Dumnezeu de m\u00e2ine, psalmii, Liturghia, milostenia. Le punem acolo. C\u0103 avem nevoie de ele, de toate, ca s\u0103 putem tr\u0103i bine.<\/p><p>Acesta este modelul pentru noi, \u201evas pecetluit al Duhului Sf\u00e2nt\u201d. S\u0103 \u00eenchidem gura. S\u0103 nu mai urm\u0103rim \u0219tirile, pentru c\u0103 \u0219tirile nu ne ajut\u0103. \u0218tim deja c\u0103 e r\u0103u. \u00cen momentul de fa\u021b\u0103 \u0219tirile sunt o cauz\u0103 principal\u0103 de a pierde harul \u0219i de a ne \u00eemp\u0103rt\u0103\u0219i de un duh str\u0103in, care nu ne ajut\u0103. Noi avem nevoie de har, nu de duhul lumii sau al celui r\u0103u care face spectacol \u0219i senza\u021bional din suferin\u021b\u0103. Avem nevoie de rug\u0103ciuni.<\/p><p>\u0218i m-am bucurat tare mult c\u0103 oamenii din Moldova, din Rom\u00e2nia, probabil \u0219i din Polonia primesc cu inim\u0103 deschis\u0103 pe refugia\u021bi. E un semn bun, e o \u00eemplinire a Evangheliei. \u0218i noi trebuie s\u0103 facem ce putem, \u00een primul r\u00e2nd rug\u0103ciune, facere de bine \u0219i s\u0103 avem har. S\u0103 nu fim \u00eensp\u0103im\u00e2nta\u021bi. S\u0103 nu se \u00eenfrico\u0219eze inimile noastre, s\u0103 nu se tulbure inimile noastre. Pentru c\u0103 Dumnezeu nu vrea aceasta. O inim\u0103 tulburat\u0103 nu poate \u021bine harul. Trebuie s\u0103 fim lini\u0219ti\u021bi, c\u00e2t se poate, cu ajutorul harului lui Dumnezeu. Starea de \u00eensp\u0103im\u00e2ntare nu e normal\u0103 pentru un cre\u0219tin. M\u00e2ntuitorul nu a fost a\u0219a. Maica Domnului nu a fost a\u0219a. Au fost \u00een suferin\u021b\u0103, dar nu \u00eensp\u0103im\u00e2nta\u021bi, nu terifia\u021bi.<\/p><p class=\" translation-block\">S\u0103 fim \u0219i noi vase pecetluite ale Duhului Sf\u00e2nt, s\u0103 citim \u0219i noi mai mult la Psaltire. Nu doar o catism\u0103 pe zi, ci 3, 4, 20... La noi, la M\u0103n\u0103stirea Putna, sunt p\u0103rin\u021bi care citesc \u00een fiecare zi o Psaltire \u0219i ajung \u0219i p\u00e2n\u0103 la 3 Psaltiri pe zi. \u0218i \u00eei \u00eentrebam dac\u0103 nu vin ispite \u0219i ziceau c\u0103 dac\u0103 nu citesc vin ispite. Deci, dac\u0103 nu citesc, vin g\u00e2nduri. E imaginea aceasta de la Sf\u00e2ntul Macarie cu un vas pe foc. Dac\u0103 focul se sl\u0103be\u0219te vin mu\u0219tele, \u0219oarecii, \u0219i spurc\u0103 m\u00e2ncarea, dar dac\u0103 pui lemne pe foc nu se apropie nici musc\u0103, nici nimic. A\u0219a \u0219i noi, trebuie s\u0103 punem mai multe lemne pe foc acum. Mai mul\u021bi psalmi, mai multe acatiste, mai multe metanii, ce putem fiecare. S\u0103 atragem har. S\u0103 aprindem focul. \u0218i dac\u0103 avem har nu se apropie g\u00e2ndurile \u0219i nu suntem terifia\u021bi. Dar trebuie mai mult foc!<\/p>\t\t\t\t\t<\/div>\n\t\t\t\t\t\t<\/div>\n\t\t\t\t<\/div>\n\t\t\t\t\t\t<\/div>\n\t\t\t\t\t<\/div>\n\t\t<\/div>\n\t\t\t\t\t\t\t\t<\/div>\n\t\t\t\t\t<\/div>\n\t\t<\/section>\n\t\t\t\t\t\t<\/div>\n\t\t\t\t\t\t<\/div>\n\t\t\t\t\t<\/div>","protected":false},"excerpt":{"rendered":"<p>The times in which we live are frightening, difficult, and demand some preparation on our part. Many who live near the conflict zone ask us: what should we do? What we are experiencing is nothing other than a manifestation of the illness that reigns in our world. That illness is sin, especially the sins against [&hellip;]<\/p>","protected":false},"author":1,"featured_media":0,"comment_status":"closed","ping_status":"closed","sticky":false,"template":"","format":"standard","meta":{"spay_email":"","footnotes":""},"categories":[68],"tags":[22],"class_list":["post-4185","post","type-post","status-publish","format-standard","hentry","category-icon-from-within-jan-feb-22","tag-meditation","entry"],"jetpack_featured_media_url":"","_links":{"self":[{"href":"https:\/\/sfdumitru.org\/ro\/wp-json\/wp\/v2\/posts\/4185","targetHints":{"allow":["GET"]}}],"collection":[{"href":"https:\/\/sfdumitru.org\/ro\/wp-json\/wp\/v2\/posts"}],"about":[{"href":"https:\/\/sfdumitru.org\/ro\/wp-json\/wp\/v2\/types\/post"}],"author":[{"embeddable":true,"href":"https:\/\/sfdumitru.org\/ro\/wp-json\/wp\/v2\/users\/1"}],"replies":[{"embeddable":true,"href":"https:\/\/sfdumitru.org\/ro\/wp-json\/wp\/v2\/comments?post=4185"}],"version-history":[{"count":10,"href":"https:\/\/sfdumitru.org\/ro\/wp-json\/wp\/v2\/posts\/4185\/revisions"}],"predecessor-version":[{"id":4288,"href":"https:\/\/sfdumitru.org\/ro\/wp-json\/wp\/v2\/posts\/4185\/revisions\/4288"}],"wp:attachment":[{"href":"https:\/\/sfdumitru.org\/ro\/wp-json\/wp\/v2\/media?parent=4185"}],"wp:term":[{"taxonomy":"category","embeddable":true,"href":"https:\/\/sfdumitru.org\/ro\/wp-json\/wp\/v2\/categories?post=4185"},{"taxonomy":"post_tag","embeddable":true,"href":"https:\/\/sfdumitru.org\/ro\/wp-json\/wp\/v2\/tags?post=4185"}],"curies":[{"name":"wp","href":"https:\/\/api.w.org\/{rel}","templated":true}]}}