{"id":4181,"date":"2022-01-31T18:04:54","date_gmt":"2022-01-31T18:04:54","guid":{"rendered":"https:\/\/sfdumitru.org\/?p=4181"},"modified":"2024-03-11T17:55:02","modified_gmt":"2024-03-11T17:55:02","slug":"holy-fathers-i-ii-2022","status":"publish","type":"post","link":"https:\/\/sfdumitru.org\/ro\/2022\/01\/holy-fathers-i-ii-2022\/","title":{"rendered":"Sf\u00e2ntul Ierarh Vasile cel Mare"},"content":{"rendered":"<div data-elementor-type=\"wp-post\" data-elementor-id=\"4181\" class=\"elementor elementor-4181\" data-elementor-settings=\"[]\">\n\t\t\t\t\t\t<div class=\"elementor-inner\">\n\t\t\t\t\t\t\t<div class=\"elementor-section-wrap\">\n\t\t\t\t\t\t\t<section class=\"elementor-section elementor-top-section elementor-element elementor-element-a4155ca elementor-section-boxed elementor-section-height-default elementor-section-height-default\" data-id=\"a4155ca\" data-element_type=\"section\">\n\t\t\t\t\t\t<div class=\"elementor-container elementor-column-gap-default\">\n\t\t\t\t\t\t\t<div class=\"elementor-row\">\n\t\t\t\t\t<div class=\"elementor-column elementor-col-100 elementor-top-column elementor-element elementor-element-6ea5d87\" data-id=\"6ea5d87\" data-element_type=\"column\">\n\t\t\t<div class=\"elementor-column-wrap elementor-element-populated\">\n\t\t\t\t\t\t\t<div class=\"elementor-widget-wrap\">\n\t\t\t\t\t\t<div class=\"elementor-element elementor-element-dc762e2 elementor-widget elementor-widget-text-editor\" data-id=\"dc762e2\" data-element_type=\"widget\" data-widget_type=\"text-editor.default\">\n\t\t\t\t<div class=\"elementor-widget-container\">\n\t\t\t\t\t\t\t\t<div class=\"elementor-text-editor elementor-clearfix\">\n\t\t\t\t\t<p><em>Sf\u00e2ntul Ierarh Vasile cel Mare, s\u0103rb\u0103torit \u00een prima zi a anului, s-a n\u0103scut \u00een jurul anului 330 d. Hr. \u00een Pont, Capadocia din p\u0103rin\u021bi evlavio\u0219i. P\u0103rin\u021bii s\u0103i se numeau Vasile \u0219i Emilia, iar al\u0103turi de Sf\u00e2ntul Vasile au mai avut patru copii, care, de asemenea, s-au sfin\u021bit \u00een timpul vie\u021bii. Unul dintre ace\u0219tia a fost Sf\u00e2ntul Grigorie de Nyssa.<\/em><\/p><p><img loading=\"lazy\" decoding=\"async\" class=\"size-full wp-image-4250 alignleft\" src=\"https:\/\/sfdumitru.org\/wordpress\/wp-content\/uploads\/2022\/06\/janfeb22_img-5.jpg\" alt=\"\" width=\"328\" height=\"420\" srcset=\"https:\/\/sfdumitru.org\/wordpress\/wp-content\/uploads\/2022\/06\/janfeb22_img-5.jpg 328w, https:\/\/sfdumitru.org\/wordpress\/wp-content\/uploads\/2022\/06\/janfeb22_img-5-234x300.jpg 234w, https:\/\/sfdumitru.org\/wordpress\/wp-content\/uploads\/2022\/06\/janfeb22_img-5-9x12.jpg 9w\" sizes=\"auto, (max-width: 328px) 100vw, 328px\" \/>Fiind \u00eenzestrat de Dumnezeu cu o minte luminat\u0103, a studiat la cele mai \u00eenalte \u0219coli ale timpului s\u0103u, \u00eentrec\u00e2ndu-i pe to\u021bi cei din genera\u021bia sa. A practicat un timp retorica, apoi, la \u00eendemnul surorii sale, Macrina, a primit Sf\u00e2ntul Botez, \u0219i-a \u00eemp\u0103r\u021bit averea s\u0103racilor \u0219i \u0219i-a \u00eenchinat via\u021ba lui Dumnezeu. A c\u0103l\u0103torit \u00een Egipt, Palestina, Siria \u0219i Mesopotamia pentru a-i cerceta pe pustnicii acelor locuri, iar apoi s-a \u00eentors \u00een Pont unde s-a nevoit timp de cinci ani pe malul r\u00e2ului Iris. \u00cen aceast\u0103 perioad\u0103 Sf\u00e2ntul s-a ocupat de organizarea vie\u021bii monahale \u0219i a scris lucr\u0103ri de referin\u021b\u0103 pe acest subiect.<\/p><p>Ulterior a fost numit episcop al Cezareei Capadociei. A p\u0103storit \u00eentr-o perioad\u0103 foarte grea pentru Biseric\u0103, persecutat\u0103 vreme de multe decenii de arieni, lupta pentru dreapta credin\u021b\u0103 fiind una dintre cele mai mari preocup\u0103ri \u0219i griji ale Sf\u00e2ntului Vasile. A suferit mult \u0219i direct \u2013 \u00eendeosebi din pricina conducerii ariene a Imperiului \u2013 dar \u0219i indirect, v\u0103z\u00e2nd cum Biserica \u00eentreag\u0103 este adus\u0103 de arieni \u00een neor\u00e2nduial\u0103 \u0219i \u00een erezie. A luptat cu timp \u0219i f\u0103r\u0103 timp, prin scrisori \u0219i prin scrieri, pentru restabilirea dreptei credin\u021be \u0219i \u00eent\u0103rirea episcopilor \u0219i credincio\u0219ilor persecuta\u021bi de arieni. De asemenea, bun organizator, a dus o vast\u0103 oper\u0103 filantropic\u0103, care a r\u0103mas de referin\u021b\u0103 \u00een istoria omenirii.<\/p><p>A scris nenum\u0103rate lucr\u0103ri, dar printre cele mai cunoscute se num\u0103r\u0103 Epistolele sale. Acestea cuprind perioada dintre anii 357-378 \u0219i au fost p\u0103strate peste 300. Prin intermediul acestor coresponden\u021be se eviden\u021biaz\u0103 \u0219i mai bine sufletul Sf\u00e2ntului Vasile cel Mare. De\u0219i percep\u021bia general\u0103 despre Sf\u00e2ntul Vasile este a unui mare nevoitor (cum a \u0219i fost), aspru cu sine \u0219i exigent cu cei care doreau s\u0103-L urmeze pe Hristos, \u00een Epistole \u00eel descoperim c\u00e2t se poate de uman. Avem aici acces la complexitatea \u0219i ad\u00e2ncimea sufletului s\u0103u, la smerenia sa, la \u00een\u021belepciunea sa, la diploma\u021bia sa, la grija pentru via\u021ba Bisericii, la sl\u0103biciunea de pe urma bolii etc.<\/p><p>Am ales trei epistole pentru a eviden\u021bia cele spuse.<\/p><p class=\" translation-block\">Este binecunoscut episodul din via\u021ba sa \u00een care r\u0103spunde cu demnitate \u00eenal\u021bilor func\u021bionari trimi\u0219i s\u0103-l for\u021beze s\u0103 \u00eembr\u0103\u021bi\u0219eze credin\u021ba arian\u0103. Iat\u0103 cum relateaz\u0103 Sf\u00e2ntul Vasile evenimentele, \u00eentr-o scrisoare (a 79-a) din anul 371 c\u0103tre Eusta\u021biu de Sevasta: \u201e...p\u00e2n\u0103 acum am avut c\u00e2teva atacuri \u00eempotriva mea din partea unor mari dreg\u0103tori, unii din ei deosebit de cumpli\u021bi, pentru c\u0103 prefectul pretorului [Modestos] \u0219i cu magistrul Palatului [Demostene] s-au declarat c\u0103 sprijin\u0103 pe vr\u0103jma\u0219ii no\u0219tri, dar p\u00e2n\u0103 \u00een clipa de fa\u021b\u0103 <strong>orice atac s-a oprit pe loc, din mila lui Dumnezeu, Care m-a socotit vrednic de ajutorul Duhului, Care ne \u00eent\u0103re\u0219te \u00een sl\u0103biciuni.<\/strong>\u201d<\/p><p>\u00centr-o epistol\u0103 (a 140-a) c\u0103tre credincio\u0219ii din Antiohia, prigoni\u021bi de arieni, afla\u021bi de mul\u021bi ani f\u0103r\u0103 p\u0103storul lor, Sf\u00e2ntul Meletie, trimis \u00een surghiun, scria:<\/p><p>\u201eCine-mi va da mie aripi de porumbel, ca s\u0103 zbor p\u00e2n\u0103 la voi \u0219i s\u0103 m\u0103 odihnesc (cf. Psalmi 54, 76) \u0219i astfel s\u0103-mi ast\u00e2mp\u0103r dorul de a m\u0103 \u00eent\u00e2lni cu dragostea Voastr\u0103? Din nefericire \u00eemi lipsesc nu numai aripile, ci \u0219i puterea trupului mi s-a sl\u0103b\u0103nogit \u00een urma bolii \u00eendelungate, iar acum m-au zdrobit cu totul \u0219i sup\u0103r\u0103rile care nu se mai termin\u0103. C\u0103ci cine poate avea un suflet tare ca diamantul sau ce obraz ar fi at\u00e2t de gros \u0219i de nesim\u021bit \u00eenc\u00e2t s\u0103 nu aud\u0103 din toate p\u0103r\u021bile geam\u0103tul mul\u021bimilor intonat ca un pl\u00e2ns unison \u0219i uniform \u0219i s\u0103 nu se \u00eemboln\u0103veasc\u0103 de sup\u0103rare, s\u0103 nu se g\u00e2rboveasc\u0103 p\u00e2n\u0103 la p\u0103m\u00e2nt, m\u0103cin\u00e2ndu-se cu totul \u00een urma at\u00e2tor griji \u00eempov\u0103r\u0103toare? Dar Dumnezeu Sf\u00e2ntul s\u0103 ne dea putere s\u0103 sc\u0103p\u0103m din aceste \u00eencurc\u0103turi f\u0103r\u0103 ie\u0219ire \u0219i s\u0103 ne h\u0103r\u0103zeasc\u0103 u\u0219urare dup\u0103 at\u00e2tea munci! De aceea a\u0219 dori ca \u0219i voi s\u0103 ave\u021bi parte de m\u00e2ng\u00e2iere, \u0219i, \u00eent\u0103ri\u021bi de bucuria acestei n\u0103dejdi, s\u0103 trece\u021bi mai u\u0219or peste necazurile \u0219i suferin\u021bele de acum... S\u0103 nu sl\u0103bim, a\u0219adar, curajul luptei noastre pentru credin\u021b\u0103, nici s\u0103 ne facem zadarnice chinurile pe care le-am r\u0103bdat p\u00e2n\u0103 acum! C\u0103ci nu dup\u0103 un singur act de curaj \u0219i nici dup\u0103 vreo suferin\u021b\u0103 scurt\u0103 se poate vedea c\u00e2t e de mare puterea sufletului, ci Domnul, Care ne pune la \u00eencercare inimile, vrea ca s\u0103 primim r\u0103splata drept\u0103\u021bii numai dup\u0103 ispitiri \u00eendelungate \u0219i pline de r\u0103bdare.<\/p><p>S\u0103 ne p\u0103str\u0103m, dar, statornicia cugetului, s\u0103 ne \u00eent\u0103rim \u0219i mai mult temelia credin\u021bei \u00een Hristos \u0219i atunci nu va \u00eent\u00e2rzia nici ajutorul. Cum zice Apostolul, \u00abva veni \u0219i nu va \u00eent\u00e2rzia\u00bb (Evrei 10, 37) sau cum spune \u00een Legea veche, \u00aba\u0219teapt\u0103 \u00eentristare peste \u00eentristare, n\u0103dejde peste n\u0103dejde, \u00eenc\u0103 pu\u021bin \u0219i te voi izb\u0103vi\u00bb (Isaia 28, 10). Iat\u0103 a\u0219a \u0219tie s\u0103 m\u00e2ng\u00e2ie Duhul Sf\u00e2nt pe fiii S\u0103i prin f\u0103g\u0103duin\u021ba celor viitoare.\u201d<\/p><p>\u00cen \u00eencheiere, iat\u0103 ce \u00eei scria monahului Urbikios \u00eentr-o epistol\u0103 (a 123-a) din 373:<\/p><p>\u201eEra vorba s\u0103 m\u0103 vizitezi \u2013 \u0219i planul era pe cale de a se realiza \u2013 ca s\u0103 m\u0103 \u00abast\u00e2mperi cu v\u00e2rful degetului, c\u0103ci m\u0103 chinuiesc \u00een v\u0103paia aceasta\u00bb (cf. Luca 16, 24). Ce s-a \u00eent\u00e2mplat \u00eentre timp? Oare p\u0103catele mele s-au pus \u00eempotriv\u0103 \u00een a\u0219a fel \u00eenc\u00e2t \u021bi-am \u00eempiedicat av\u00e2ntul \u0219i astfel am r\u0103mas s\u0103 \u00eendur pe mai departe dureri at\u00e2t de insuportabile? \u00centr-adev\u0103r, dup\u0103 cum dintre valuri, unul coboar\u0103, altul se ridic\u0103, pe c\u00e2nd un al treilea se fr\u00e2nge \u00eennegrindu-se din pricina izbiturilor, tot a\u0219a \u0219i din patimile noastre omene\u0219ti unele s-au oprit, altele sunt \u00een curs de desf\u0103\u0219urare, pe c\u00e2nd altele se formeaz\u0103 din nou...<\/p><p>De aceea vino odat\u0103 pe la mine, oric\u00e2t de greu ar fi lucrul acesta, fie ca s\u0103 m\u0103 consolezi, ori s\u0103-mi dai vreun sfat, fie s\u0103 mai stai c\u00e2tva timp cu mine, oricum s\u0103 m\u0103 lini\u0219tesc chiar \u0219i numai v\u0103z\u00e2ndu-te. Iar ceea ce este mai important, este s\u0103 te rogi \u0219i iar\u0103\u0219i s\u0103 te rogi, pentru ca s\u0103 nu m\u0103 cople\u0219easc\u0103 g\u00e2ndurile rele, ci s\u0103-mi arunc mai bucuros ancora n\u0103dejdii \u00een Dumnezeu, pentru ca s\u0103 nu fiu num\u0103rat cu slujile cele netrebnice, care numai c\u00e2nd le face bine \u00cel binecuv\u00e2nt\u0103, dar c\u00e2nd le mai trimite c\u00e2te-o sup\u0103rare nu vor s\u0103-L cinsteasc\u0103. S\u0103 te rogi, deci, pentru mine, pentru ca s\u0103 trag folos \u0219i din suferin\u021be, \u00eencrez\u00e2ndu-ne \u00een Domnul, \u00eendeosebi atunci avem mai mult\u0103 nevoie de El.\u201d<\/p>\t\t\t\t\t<\/div>\n\t\t\t\t\t\t<\/div>\n\t\t\t\t<\/div>\n\t\t\t\t\t\t<\/div>\n\t\t\t\t\t<\/div>\n\t\t<\/div>\n\t\t\t\t\t\t\t\t<\/div>\n\t\t\t\t\t<\/div>\n\t\t<\/section>\n\t\t\t\t\t\t<\/div>\n\t\t\t\t\t\t<\/div>\n\t\t\t\t\t<\/div>","protected":false},"excerpt":{"rendered":"<p>Saint Basil the Great, commemorated on the first day of the year, was born around the year 330 AD in Pontus, Cappadocia, to pious parents. His parents were named Basil and Emilia, who besides Saint Basil, also had four other children who were eventually canonized as saints. One of these was Saint Gregory of Nyssa. [&hellip;]<\/p>","protected":false},"author":1,"featured_media":0,"comment_status":"closed","ping_status":"closed","sticky":false,"template":"","format":"standard","meta":{"spay_email":"","footnotes":""},"categories":[68],"tags":[23],"class_list":["post-4181","post","type-post","status-publish","format-standard","hentry","category-icon-from-within-jan-feb-22","tag-holy-fathers","entry"],"jetpack_featured_media_url":"","_links":{"self":[{"href":"https:\/\/sfdumitru.org\/ro\/wp-json\/wp\/v2\/posts\/4181","targetHints":{"allow":["GET"]}}],"collection":[{"href":"https:\/\/sfdumitru.org\/ro\/wp-json\/wp\/v2\/posts"}],"about":[{"href":"https:\/\/sfdumitru.org\/ro\/wp-json\/wp\/v2\/types\/post"}],"author":[{"embeddable":true,"href":"https:\/\/sfdumitru.org\/ro\/wp-json\/wp\/v2\/users\/1"}],"replies":[{"embeddable":true,"href":"https:\/\/sfdumitru.org\/ro\/wp-json\/wp\/v2\/comments?post=4181"}],"version-history":[{"count":7,"href":"https:\/\/sfdumitru.org\/ro\/wp-json\/wp\/v2\/posts\/4181\/revisions"}],"predecessor-version":[{"id":4276,"href":"https:\/\/sfdumitru.org\/ro\/wp-json\/wp\/v2\/posts\/4181\/revisions\/4276"}],"wp:attachment":[{"href":"https:\/\/sfdumitru.org\/ro\/wp-json\/wp\/v2\/media?parent=4181"}],"wp:term":[{"taxonomy":"category","embeddable":true,"href":"https:\/\/sfdumitru.org\/ro\/wp-json\/wp\/v2\/categories?post=4181"},{"taxonomy":"post_tag","embeddable":true,"href":"https:\/\/sfdumitru.org\/ro\/wp-json\/wp\/v2\/tags?post=4181"}],"curies":[{"name":"wp","href":"https:\/\/api.w.org\/{rel}","templated":true}]}}