{"id":3050,"date":"2021-05-31T18:12:26","date_gmt":"2021-05-31T18:12:26","guid":{"rendered":"https:\/\/sfdumitru.org\/?p=3050"},"modified":"2024-03-11T17:55:47","modified_gmt":"2024-03-11T17:55:47","slug":"youth-voice-v-vi-2021","status":"publish","type":"post","link":"https:\/\/sfdumitru.org\/ro\/2021\/05\/youth-voice-v-vi-2021\/","title":{"rendered":"Eveniment ROYA"},"content":{"rendered":"<div data-elementor-type=\"wp-post\" data-elementor-id=\"3050\" class=\"elementor elementor-3050\" data-elementor-settings=\"[]\">\n\t\t\t\t\t\t<div class=\"elementor-inner\">\n\t\t\t\t\t\t\t<div class=\"elementor-section-wrap\">\n\t\t\t\t\t\t\t<section class=\"elementor-section elementor-top-section elementor-element elementor-element-cff5a9a elementor-section-boxed elementor-section-height-default elementor-section-height-default\" data-id=\"cff5a9a\" data-element_type=\"section\">\n\t\t\t\t\t\t<div class=\"elementor-container elementor-column-gap-default\">\n\t\t\t\t\t\t\t<div class=\"elementor-row\">\n\t\t\t\t\t<div class=\"elementor-column elementor-col-100 elementor-top-column elementor-element elementor-element-3c1dd23\" data-id=\"3c1dd23\" data-element_type=\"column\">\n\t\t\t<div class=\"elementor-column-wrap elementor-element-populated\">\n\t\t\t\t\t\t\t<div class=\"elementor-widget-wrap\">\n\t\t\t\t\t\t<div class=\"elementor-element elementor-element-9ed3a4c elementor-widget elementor-widget-image\" data-id=\"9ed3a4c\" data-element_type=\"widget\" data-widget_type=\"image.default\">\n\t\t\t\t<div class=\"elementor-widget-container\">\n\t\t\t\t\t\t\t\t<div class=\"elementor-image\">\n\t\t\t\t\t\t\t\t\t\t\t\t<img loading=\"lazy\" decoding=\"async\" width=\"400\" height=\"304\" src=\"https:\/\/sfdumitru.org\/wordpress\/wp-content\/uploads\/2021\/10\/may2021_img-20.jpg\" class=\"attachment-large size-large\" alt=\"\" srcset=\"https:\/\/sfdumitru.org\/wordpress\/wp-content\/uploads\/2021\/10\/may2021_img-20.jpg 400w, https:\/\/sfdumitru.org\/wordpress\/wp-content\/uploads\/2021\/10\/may2021_img-20-300x228.jpg 300w, https:\/\/sfdumitru.org\/wordpress\/wp-content\/uploads\/2021\/10\/may2021_img-20-16x12.jpg 16w\" sizes=\"auto, (max-width: 400px) 100vw, 400px\" \/>\t\t\t\t\t\t\t\t\t\t\t\t\t\t<\/div>\n\t\t\t\t\t\t<\/div>\n\t\t\t\t<\/div>\n\t\t\t\t<div class=\"elementor-element elementor-element-98876ed elementor-widget elementor-widget-text-editor\" data-id=\"98876ed\" data-element_type=\"widget\" data-widget_type=\"text-editor.default\">\n\t\t\t\t<div class=\"elementor-widget-container\">\n\t\t\t\t\t\t\t\t<div class=\"elementor-text-editor elementor-clearfix\">\n\t\t\t\t\t<p>\u00cen ultimul sf\u00e2r\u0219it de s\u0103pt\u0103m\u00e2n\u0103 al lunii mai, dedicat \u201eZilei Eroilor\u201d \u00een Statele Unite, m\u0103n\u0103stirea Sf\u00e2ntul Dimitrie din Middletown, NY a fost locul de adunare al tinerilor din regiunea Nord-Est. Acest eveniment ROYA, primul \u00een persoan\u0103 dup\u0103 o \u00eendelungat\u0103 perioad\u0103, s-a dorit a fi o adunare care s\u0103 reaprind\u0103 \u00een suflete bucuria de a fi tinerii \u00eempreun\u0103. L-am rugat pe Robert Belibrov s\u0103 ne \u00eemp\u0103rt\u0103\u0219easc\u0103 g\u00e2ndurile sale dup\u0103 aceast\u0103 \u00eent\u00e2lnire.<\/p><p><img loading=\"lazy\" decoding=\"async\" class=\"size-full wp-image-3019 alignright\" src=\"https:\/\/sfdumitru.org\/wordpress\/wp-content\/uploads\/2021\/10\/may2021_img-21.jpg\" alt=\"\" width=\"400\" height=\"243\" srcset=\"https:\/\/sfdumitru.org\/wordpress\/wp-content\/uploads\/2021\/10\/may2021_img-21.jpg 400w, https:\/\/sfdumitru.org\/wordpress\/wp-content\/uploads\/2021\/10\/may2021_img-21-300x182.jpg 300w, https:\/\/sfdumitru.org\/wordpress\/wp-content\/uploads\/2021\/10\/may2021_img-21-16x10.jpg 16w\" sizes=\"auto, (max-width: 400px) 100vw, 400px\" \/>\u201eEste ceva foarte reconfortant \u0219i lini\u0219titor s\u0103 te \u00eentorci \u00eentr-un loc \u00een care po\u021bi s\u0103-\u021bi practici credin\u021ba \u00een mod deschis. S\u0103 fii \u00eenconjurat de oameni care simt ca \u0219i tine la modul foarte ad\u00e2nc. S\u0103 po\u021bi s\u0103 \u00eemp\u0103rt\u0103\u0219e\u0219ti asta este extraordinar. Ce am tr\u0103it dep\u0103\u0219e\u0219te cu mult ceea ce poate fi cuprins \u00eentr-un eseu; interac\u021biunile \u0219i amintirile, precum \u0219i lec\u021biile \u00eenv\u0103\u021bate, s-au \u00eenscris ad\u00e2nc \u00een mintea mea. S-au a\u0219ezat \u00eentr-un loc special din inima mea. Mai mult dec\u00e2t orice am \u00eenv\u0103\u021bat, am tr\u0103it sau primit, ceea ce mi-a r\u0103mas cel mai de pre\u021b sunt ideile la care am meditat. Idei noi la care nu m\u0103 mai g\u00e2ndisem. Odat\u0103 cu aceste idei a venit \u0219i o nou\u0103 apreciere pentru credin\u021ba mea. Am \u00eenv\u0103\u021bat s\u0103 apreciez sacrificiul pe care l-au f\u0103cut ortodoc\u0219ii care au purtat povara de a fi discrimina\u021bi pentru credin\u021ba lor. \u00centins pe pat, c\u00e2ntecele \u0219i imnurile de la biseric\u0103 r\u0103sun\u00e2ndu-mi \u00een cap, m-am g\u00e2ndit la locul meu \u0219i la puterea mea. Sunt multe argumente pentru a fi sceptic \u00een lumea aceasta, a\u0219a c\u0103 nu m\u0103 mai surprinde c\u0103 mul\u021bi oameni nu cred \u00een nimic. La ce bun? Pentru mul\u021bi dintre noi, drumul este unul greu. C\u0103rarea este totdeauna \u00eenaintea noastr\u0103 pentru a o urma, indiferent de c\u00e2te ori c\u0103dem.<\/p><p><img loading=\"lazy\" decoding=\"async\" class=\"size-full wp-image-3020 alignleft\" src=\"https:\/\/sfdumitru.org\/wordpress\/wp-content\/uploads\/2021\/10\/may2021_img-22.jpg\" alt=\"\" width=\"286\" height=\"360\" srcset=\"https:\/\/sfdumitru.org\/wordpress\/wp-content\/uploads\/2021\/10\/may2021_img-22.jpg 286w, https:\/\/sfdumitru.org\/wordpress\/wp-content\/uploads\/2021\/10\/may2021_img-22-238x300.jpg 238w, https:\/\/sfdumitru.org\/wordpress\/wp-content\/uploads\/2021\/10\/may2021_img-22-10x12.jpg 10w\" sizes=\"auto, (max-width: 286px) 100vw, 286px\" \/>Am realizat c\u0103 Biserica \u0219i credin\u021ba mea vor fi tot timpul prezente pentru a m\u0103 ajuta s\u0103-mi reg\u0103sesc drumul. Firesc, unele zile vor fi mai grele dec\u00e2t altele. Dar trebuie ca \u00eentotdeauna s\u0103 m\u0103 str\u0103duiesc. To\u021bi suntem ispiti\u021bi de \u00eendoieli. Numai lumina min\u021bii singur\u0103 nu poate risipi tot \u00eentunericul. C\u00e2nd zidurile se d\u0103r\u00e2m\u0103, c\u00e2nd pierzi tot ce ai, tot ce \u00ee\u021bi r\u0103m\u00e2ne este iubirea \u0219i credin\u021ba. Iubirea este cea care m\u0103 \u021bine viu. Iubirea mea. Iubirea familiei mele. Iubirea lui Dumnezeu. Am \u00een\u021beles c\u0103 to\u021bi trecem prin perioade de \u00eentunecare. \u00centr-o lume plin\u0103 de mizerii \u0219i nesiguran\u021b\u0103, este o mare m\u00e2ng\u00e2iere c\u0103, \u00een cele din urm\u0103, exist\u0103 lumin\u0103 \u00een \u00eentuneric. \u00cen ast - fel de momente, trebuie s\u0103 ne \u00eentoarcem c\u0103tre Domnul, a\u0219a \u00eenc\u00e2t \u00eentr-o bun\u0103 zi familia mea, prietenii mei \u0219i parohia mea s\u0103 poat\u0103 s\u0103 spun\u0103, \u201eE\u0219ti un aproa - pe bun pentru noi. Mul\u021bumim!\u201d Toate acestea \u0219i altele mi-au trecut prin minte. Ele au dat credin\u021bei mele un nou \u00een\u021be - les \u0219i m-au ajutat s\u0103 \u00een\u021beleg c\u0103 suferin\u021ba este semnul adev\u0103rat al cre\u0219tinului. Este o c\u0103l\u0103torie dificil\u0103, pe parcursul c\u0103reia este mult de lucru. \u0218i Domnul \u0219tie c\u0103 sunt multe de f\u0103cut.\u201d<\/p><p style=\"text-align: right;\"><em>Robert Belibrov<\/em><\/p>\t\t\t\t\t<\/div>\n\t\t\t\t\t\t<\/div>\n\t\t\t\t<\/div>\n\t\t\t\t<div class=\"elementor-element elementor-element-4463fb2 elementor-widget elementor-widget-image\" data-id=\"4463fb2\" data-element_type=\"widget\" data-widget_type=\"image.default\">\n\t\t\t\t<div class=\"elementor-widget-container\">\n\t\t\t\t\t\t\t\t<div class=\"elementor-image\">\n\t\t\t\t\t\t\t\t\t\t\t\t<img loading=\"lazy\" decoding=\"async\" width=\"400\" height=\"228\" src=\"https:\/\/sfdumitru.org\/wordpress\/wp-content\/uploads\/2021\/10\/may2021_img-26.jpg\" class=\"attachment-large size-large\" alt=\"\" srcset=\"https:\/\/sfdumitru.org\/wordpress\/wp-content\/uploads\/2021\/10\/may2021_img-26.jpg 400w, https:\/\/sfdumitru.org\/wordpress\/wp-content\/uploads\/2021\/10\/may2021_img-26-300x171.jpg 300w, https:\/\/sfdumitru.org\/wordpress\/wp-content\/uploads\/2021\/10\/may2021_img-26-16x9.jpg 16w\" sizes=\"auto, (max-width: 400px) 100vw, 400px\" \/>\t\t\t\t\t\t\t\t\t\t\t\t\t\t<\/div>\n\t\t\t\t\t\t<\/div>\n\t\t\t\t<\/div>\n\t\t\t\t\t\t<\/div>\n\t\t\t\t\t<\/div>\n\t\t<\/div>\n\t\t\t\t\t\t\t\t<\/div>\n\t\t\t\t\t<\/div>\n\t\t<\/section>\n\t\t\t\t\t\t<\/div>\n\t\t\t\t\t\t<\/div>\n\t\t\t\t\t<\/div>","protected":false},"excerpt":{"rendered":"<p>During the weekend of May 28\u201331, the Memorial Day weekend in the United States, St. Dumitru Monastery in Middletown, NY, was once again the meeting place of young people from the Northeast region. This ROYA retreat, the first in-person such event in some time, was intended to be a simple gathering, rekindling the joy of [&hellip;]<\/p>","protected":false},"author":1,"featured_media":0,"comment_status":"closed","ping_status":"closed","sticky":false,"template":"","format":"standard","meta":{"spay_email":"","footnotes":""},"categories":[59],"tags":[29],"class_list":["post-3050","post","type-post","status-publish","format-standard","hentry","category-icon-from-within-may-jun-21","tag-youth-voice","entry"],"jetpack_featured_media_url":"","_links":{"self":[{"href":"https:\/\/sfdumitru.org\/ro\/wp-json\/wp\/v2\/posts\/3050","targetHints":{"allow":["GET"]}}],"collection":[{"href":"https:\/\/sfdumitru.org\/ro\/wp-json\/wp\/v2\/posts"}],"about":[{"href":"https:\/\/sfdumitru.org\/ro\/wp-json\/wp\/v2\/types\/post"}],"author":[{"embeddable":true,"href":"https:\/\/sfdumitru.org\/ro\/wp-json\/wp\/v2\/users\/1"}],"replies":[{"embeddable":true,"href":"https:\/\/sfdumitru.org\/ro\/wp-json\/wp\/v2\/comments?post=3050"}],"version-history":[{"count":10,"href":"https:\/\/sfdumitru.org\/ro\/wp-json\/wp\/v2\/posts\/3050\/revisions"}],"predecessor-version":[{"id":3115,"href":"https:\/\/sfdumitru.org\/ro\/wp-json\/wp\/v2\/posts\/3050\/revisions\/3115"}],"wp:attachment":[{"href":"https:\/\/sfdumitru.org\/ro\/wp-json\/wp\/v2\/media?parent=3050"}],"wp:term":[{"taxonomy":"category","embeddable":true,"href":"https:\/\/sfdumitru.org\/ro\/wp-json\/wp\/v2\/categories?post=3050"},{"taxonomy":"post_tag","embeddable":true,"href":"https:\/\/sfdumitru.org\/ro\/wp-json\/wp\/v2\/tags?post=3050"}],"curies":[{"name":"wp","href":"https:\/\/api.w.org\/{rel}","templated":true}]}}