{"id":1534,"date":"2021-01-31T18:05:31","date_gmt":"2021-01-31T18:05:31","guid":{"rendered":"https:\/\/sfdumitru.org\/?p=1534"},"modified":"2024-03-11T17:56:29","modified_gmt":"2024-03-11T17:56:29","slug":"our-fathers-in-the-lord-i-2021","status":"publish","type":"post","link":"https:\/\/sfdumitru.org\/ro\/2021\/01\/our-fathers-in-the-lord-i-2021\/","title":{"rendered":"Arhiepiscopul Victorin Ursache. Un sf\u00e2nt printre noi (III)"},"content":{"rendered":"<div data-elementor-type=\"wp-post\" data-elementor-id=\"1534\" class=\"elementor elementor-1534\" data-elementor-settings=\"[]\">\n\t\t\t\t\t\t<div class=\"elementor-inner\">\n\t\t\t\t\t\t\t<div class=\"elementor-section-wrap\">\n\t\t\t\t\t\t\t<section class=\"elementor-section elementor-top-section elementor-element elementor-element-47f7628 elementor-section-boxed elementor-section-height-default elementor-section-height-default\" data-id=\"47f7628\" data-element_type=\"section\">\n\t\t\t\t\t\t<div class=\"elementor-container elementor-column-gap-default\">\n\t\t\t\t\t\t\t<div class=\"elementor-row\">\n\t\t\t\t\t<div class=\"elementor-column elementor-col-100 elementor-top-column elementor-element elementor-element-b63e558\" data-id=\"b63e558\" data-element_type=\"column\">\n\t\t\t<div class=\"elementor-column-wrap elementor-element-populated\">\n\t\t\t\t\t\t\t<div class=\"elementor-widget-wrap\">\n\t\t\t\t\t\t<div class=\"elementor-element elementor-element-e8a1c03 elementor-widget elementor-widget-text-editor\" data-id=\"e8a1c03\" data-element_type=\"widget\" data-widget_type=\"text-editor.default\">\n\t\t\t\t<div class=\"elementor-widget-container\">\n\t\t\t\t\t\t\t\t<div class=\"elementor-text-editor elementor-clearfix\">\n\t\t\t\t\t<p><a href=\"https:\/\/sfdumitru.org\/ro\/2020\/12\/our-fathers-in-the-lord-xii-2020\/\">(Continuare din decembrie 2020)<\/a><\/p><figure id=\"attachment_1607\" aria-describedby=\"caption-attachment-1607\" style=\"width: 300px\" class=\"wp-caption alignright\"><img loading=\"lazy\" decoding=\"async\" class=\"wp-image-1607 size-medium\" src=\"https:\/\/sfdumitru.org\/wordpress\/wp-content\/uploads\/2021\/03\/southcanaan2008-05-300x201.jpg\" alt=\"\" width=\"300\" height=\"201\" srcset=\"https:\/\/sfdumitru.org\/wordpress\/wp-content\/uploads\/2021\/03\/southcanaan2008-05-300x201.jpg 300w, https:\/\/sfdumitru.org\/wordpress\/wp-content\/uploads\/2021\/03\/southcanaan2008-05-16x12.jpg 16w, https:\/\/sfdumitru.org\/wordpress\/wp-content\/uploads\/2021\/03\/southcanaan2008-05.jpg 320w\" sizes=\"auto, (max-width: 300px) 100vw, 300px\" \/><figcaption id=\"caption-attachment-1607\" class=\"wp-caption-text\">M\u0103n\u0103stirea Sf\u00e2ntul Tihon din Zadonsk,<br>\nSouth Canaan, Pennsylvania<\/figcaption><\/figure><p class=\" translation-block\">Datoriile acumulate fa\u0163\u0103 de m\u0103n\u0103stire prin publicarea \u201eLocurilor Sfinte\u201d, l-au pus \u00een situa\u0163ia de a nu avea altceva de f\u0103cut dec\u00e2t s\u0103 accepte s\u0103 slujeasc\u0103 \u201etemporar\u201d, \u00eencep\u00e2nd cu luna decembrie 1960, la biserica Sf. Petru \u015fi Pavel din Moundsville, West Virginia, pentru a-\u015fi putea pl\u0103ti datoriile. Perioada aceasta s-a prelungit p\u00e2n\u0103 \u00een septembrie 1962, c\u00e2nd s-a re\u00eentors la m\u0103n\u0103stirea Sf. Tihon.<\/p><p>\u00cen toat\u0103 aceast\u0103 perioad\u0103 a continuat s\u0103 ajute financiar pe Mitropolitul Visarion Puiu \u0219i pe monahii \u0219i monahiile rom\u00e2ni de la Locurile Sfinte, ajutor vital pentru ace\u0219tia.<\/p><p>\u00cen privin\u0163a bolilor, \u00een general p\u0103stra t\u0103cerea, pentru a nu-l \u00eengrijora pe mitropolitul Visarion. Suferea constant de reumatism. Nu c\u0103l\u0103torea cu avionul pentru c\u0103 nu-i permitea starea s\u0103n\u0103t\u0103\u0163ii. \u00cen vara lui 1963 a fost internat \u00een spital, de unde a ie\u015fit pe propriul risc, \u201ep\u0103r\u00e2ndu-mi-se gre\u015fit tratamentul medical la care m-au supus \u015fi m-au sl\u0103bit c\u0103 abia m\u0103 pot ridica\u201d, \u00eei scria mitropolitului.<\/p><p><img loading=\"lazy\" decoding=\"async\" class=\"size-medium wp-image-1601 alignright\" src=\"https:\/\/sfdumitru.org\/wordpress\/wp-content\/uploads\/2021\/03\/Mitropolitul-Visarion-Puiu-156x300.jpg\" alt=\"\" width=\"156\" height=\"300\" srcset=\"https:\/\/sfdumitru.org\/wordpress\/wp-content\/uploads\/2021\/03\/Mitropolitul-Visarion-Puiu-156x300.jpg 156w, https:\/\/sfdumitru.org\/wordpress\/wp-content\/uploads\/2021\/03\/Mitropolitul-Visarion-Puiu-6x12.jpg 6w, https:\/\/sfdumitru.org\/wordpress\/wp-content\/uploads\/2021\/03\/Mitropolitul-Visarion-Puiu.jpg 182w\" sizes=\"auto, (max-width: 156px) 100vw, 156px\" \/><\/p><p>\u00cen ce prive\u015fte s\u0103r\u0103cia \u015fi lipsurile, acestea au fost \u015fi o consecin\u0163\u0103 a faptului c\u0103 nu a acceptat s\u0103-\u015fi compromit\u0103 con\u015ftiin\u0163a \u00een schimbul ajutorului material. Suferea, \u00eens\u0103, c\u0103 nu putea s\u0103 ajute c\u00e2t ar fi vrut. La 29 august 1961, \u00eei scria mitropolitului Visarion Puiu: \u201eAcum ori \u00een ce localitate m-a\u015f afla \u00een via\u0163a aceasta tr\u0103it\u0103 \u00een adev\u0103ratul \u00een\u0163eles al votului monahal al s\u0103r\u0103ciei, personal n-am sim\u0163it niciodat\u0103 lipsa material\u0103 \u015fi nici n-am a\u015fteptat sau a\u015ftept vreun salariu sau ajutor din partea autorit\u0103\u0163ilor biserice\u015fti rom\u00e2ne din \u0163ar\u0103 sau din str\u0103in\u0103tate. [\u2026] Personal dac\u0103 a\u015f avea cinci dolari, sau cincizeci, sau cinci sute, [\u2026] le g\u0103sesc acela\u015fi drum spre lipsurile \u015fi trebuin\u0163ele altora. P\u00e2n\u0103 \u015fi micile dona\u0163ii ce le primesc uneori din partea vreunor rom\u00e2ni de pe aici, \u00eenso\u0163ite de unele pomelnice le trimit pentru proiectatul nostru c\u0103min bisericesc pentru monahii rom\u00e2ni din Ierusalim\u201d. \u00cen fapt, Arhiepiscopul Victorin figureaz\u0103 \u00eentre ctitorii A\u0219ez\u0103m\u00e2ntului Rom\u00e2nesc de la Ierihon.<\/p><p>\u00cen privin\u0163a singur\u0103t\u0103\u0163ii, aceasta i-a fost companie \u00eenc\u0103 din primele luni \u00een America. Din acest punct de vedere nu se afla cu mult dep\u0103rtat de singur\u0103tatea de la Iordan, \u00eens\u0103 la un anumit moment m\u0103rturisea c\u0103 \u201evia\u0163a e mult mai u\u015foar\u0103 \u00een singur\u0103tatea unui pustiu, dec\u00e2t \u00een singur\u0103tatea din mijlocul lumii\u201d. Apogeul \u00eenstr\u0103in\u0103rii l-a sim\u0163it pe c\u00e2nd se afla \u00een Moundsville: \u201eLa Ierusalim eram mai pu\u0163ini Rom\u00e2ni \u015fi vorbeam mai mult rom\u00e2ne\u015fte. Aici \u00eens\u0103 ar trebui s\u0103 m\u0103 controlez m\u0103car din vreme \u00een vreme dac\u0103 nu-mi uit limba. M\u0103 aflu cu totul \u00eentre str\u0103ini de alt\u0103 limb\u0103 \u015fi alte obiceiuri. N-am sim\u0163it niciodat\u0103 \u00eenstr\u0103inarea ca acum\u201d (25 mai 1961).<\/p><p>Toate aceste greut\u0103\u0163i, necazuri, \u00eempotriviri \u015fi lipsuri i-au fost prilejuri de reflec\u0163ie \u015fi de \u00eent\u0103rire \u00een n\u0103dejde \u015fi \u00een credin\u0163\u0103: \u201e\u00een lumea aceasta Dumnezeu ne-a d\u0103ruit via\u0163a nu ca s\u0103 cerem s\u0103 ni se \u00eemplineasc\u0103 voile noastre ci ca s\u0103-mplinim \u015fi s\u0103 ne supunem voin\u0163ei lui Dumnezeu\u201d (1959); \u201eS\u0103pt\u0103m\u00e2na Patimilor Domnului ne este dat\u0103 uneori \u015fi nou\u0103 s-o petrecem \u00een dureri \u015fi suferin\u0163e. Dar \u00cenvierea Domnului \u00eentotdeauna ne umple sufletul de cele mai necontrazise n\u0103dejdi\u201d (1960); \u201eAceste cuvinte [\u201eHristos a \u00eenviat !\u201d] ne pot \u00eent\u0103ri \u00eens\u0103 credin\u0163a c\u0103 \u015fi marea s\u0103pt\u0103m\u00e2n\u0103 a patimilor pentru care nu avem nici un calendar se va sf\u00e2r\u015fi cu \u00eenvierea \u00eentru bucuria tuturor n\u0103dejdilor \u00eemplinite\u201d (2 aprilie 1961).<\/p><figure id=\"attachment_1608\" aria-describedby=\"caption-attachment-1608\" style=\"width: 300px\" class=\"wp-caption alignleft\"><img loading=\"lazy\" decoding=\"async\" class=\"size-medium wp-image-1608\" src=\"https:\/\/sfdumitru.org\/wordpress\/wp-content\/uploads\/2021\/03\/stots-300x185.jpg\" alt=\"\" width=\"300\" height=\"185\" srcset=\"https:\/\/sfdumitru.org\/wordpress\/wp-content\/uploads\/2021\/03\/stots-300x185.jpg 300w, https:\/\/sfdumitru.org\/wordpress\/wp-content\/uploads\/2021\/03\/stots-16x10.jpg 16w, https:\/\/sfdumitru.org\/wordpress\/wp-content\/uploads\/2021\/03\/stots.jpg 350w\" sizes=\"auto, (max-width: 300px) 100vw, 300px\" \/><figcaption id=\"caption-attachment-1608\" class=\"wp-caption-text\">Seminarul Sf. Tihon,<br>\nSouth Canaan, Pennsylvania<\/figcaption><\/figure><p>\u00centors la m\u0103n\u0103stirea Sf. Tihon \u00een septembrie 1962, din lips\u0103 de personal, a fost cooptat ca profesor la Seminarul m\u0103n\u0103stirii, pred\u00e2nd Dogmatic\u0103, Moral\u0103 \u0219i Limba Greac\u0103. Re\u00eenceperea activit\u0103\u0163ii didactice dup\u0103 aproape 20 de ani de \u00eentrerupere nu i-a fost deloc u\u015foar\u0103, mai ales c\u0103 trebuia s\u0103 predea \u00eentr-o limb\u0103 str\u0103in\u0103. Deodat\u0103 s-a g\u0103sit \u00een situa\u0163ia de a nu g\u0103si \u201enici m\u0103car c\u00e2teva minute pentru o scrisoare\u201d. De asemenea, nici remunera\u0163ia nu era foarte mare. \u00cens\u0103, peste toate, faptul c\u0103 putea sta \u00eentr-o m\u0103n\u0103stire era cel mai important.<\/p><p>Un cr\u00e2mpei din vie\u0163uirea sa aici \u00eel afl\u0103m dintr-o scrisoare trimis\u0103 c\u0103tre unchiul s\u0103u, Calistru Bighescu, la 22 martie 1966: \u201e\u015ei pe aici, oric\u00e2t de industrializat\u0103 e via\u0163a, eu am r\u0103mas tot acela\u015fi cum eram \u015fi \u00een \u0163ar\u0103. Locuiesc la o m\u0103n\u0103stire \u015fi dis-de-diminea\u0163\u0103, uneori pe la orele 5, \u015fi p\u00e2n\u0103 seara t\u00e2rziu \u2013 orele 11 noaptea, mereu ocupat cu \u00eendatoririle noastre m\u0103n\u0103stire\u015fti, timpul trece foarte repede [\u2026]. \u00cemprejurul m\u0103n\u0103stirii nu avem dec\u00e2t c\u00e2mp, lacuri \u015fi p\u0103dure. Iarna uneori \u00eenz\u0103pezi\u0163i cu troiene \u2013 \u015fi vara izola\u0163i de inundarea lacurilor\u201d.<\/p><figure id=\"attachment_1594\" aria-describedby=\"caption-attachment-1594\" style=\"width: 300px\" class=\"wp-caption alignright\"><img loading=\"lazy\" decoding=\"async\" class=\"size-medium wp-image-1594\" src=\"https:\/\/sfdumitru.org\/wordpress\/wp-content\/uploads\/2021\/03\/fr-j-and-elder-k-300x203.jpg\" alt=\"\" width=\"300\" height=\"203\" srcset=\"https:\/\/sfdumitru.org\/wordpress\/wp-content\/uploads\/2021\/03\/fr-j-and-elder-k-300x203.jpg 300w, https:\/\/sfdumitru.org\/wordpress\/wp-content\/uploads\/2021\/03\/fr-j-and-elder-k-16x12.jpg 16w, https:\/\/sfdumitru.org\/wordpress\/wp-content\/uploads\/2021\/03\/fr-j-and-elder-k.jpg 400w\" sizes=\"auto, (max-width: 300px) 100vw, 300px\" \/><figcaption id=\"caption-attachment-1594\" class=\"wp-caption-text\">P\u0103rintele Jerome \u00eempreun\u0103 cu P\u0103rintele Cleopa Ilie<\/figcaption><\/figure><p>Merit\u0103 men\u0163ionat\u0103 rela\u0163ia pe care a avut-o cu Jerome L. Newville. \u00cencep\u00e2nd cu 1963 au f\u0103cut parte \u00eempreun\u0103 din corpul profesoral de la Seminar. Profund impresionat de personalitatea \u015fi erudi\u0163ia arhimandritului Victorin, Jerome i-a cerut s\u0103-i fie pov\u0103\u0163uitor duhovnicesc. La sfatul s\u0103u, Jerome a vizitat Rom\u00e2nia \u00een 1965, cu o oprire special\u0103 la M\u0103n\u0103stirea Neam\u0163, tocmai pentru a lua contact cu spiritualitatea care l-a modelat pe arhimandritul Victorin. Leg\u0103tura spiritual\u0103 dintre cei doi a durat tot restul vie\u0163ii lor. Pentru (Arhimandritul) Jerome, p\u0103rintele Victorin a fost \u201eun ascet modern asemenea P\u0103rin\u0163ilor De\u015fertului din vechiul Egipt\u201d, care a avut o influen\u0163\u0103 extraordinar\u0103 asupra vie\u0163ii sale.<\/p><figure id=\"attachment_1613\" aria-describedby=\"caption-attachment-1613\" style=\"width: 136px\" class=\"wp-caption alignleft\"><img loading=\"lazy\" decoding=\"async\" class=\"size-medium wp-image-1613\" src=\"https:\/\/sfdumitru.org\/wordpress\/wp-content\/uploads\/2021\/03\/57764747_129571582173-136x300.jpg\" alt=\"\" width=\"136\" height=\"300\" srcset=\"https:\/\/sfdumitru.org\/wordpress\/wp-content\/uploads\/2021\/03\/57764747_129571582173-136x300.jpg 136w, https:\/\/sfdumitru.org\/wordpress\/wp-content\/uploads\/2021\/03\/57764747_129571582173-5x12.jpg 5w, https:\/\/sfdumitru.org\/wordpress\/wp-content\/uploads\/2021\/03\/57764747_129571582173.jpg 200w\" sizes=\"auto, (max-width: 136px) 100vw, 136px\" \/><figcaption id=\"caption-attachment-1613\" class=\"wp-caption-text\">Arhimandritul<br>Jerome L. Newville<\/figcaption><\/figure><p>Programul s\u0103u la M\u0103n\u0103stirea Sf\u00e2ntul Tihon era urm\u0103torul: de mar\u0163i p\u00e2n\u0103 vineri preda cursurile la Seminar, iar de vineri dup\u0103-mas\u0103 \u015fi p\u00e2n\u0103 luni mergea, ca de altfel \u015fi \u00een fiecare vacan\u0163\u0103, ca preot misionar, \u00een diferite comunit\u0103\u0163i ortodoxe pentru a sluji Liturghia (duminica) \u015fi a catehiza.<\/p><p>Dup\u0103 moartea episcopului Andrei (14 martie 1963) conducerea Episcopiei Misionare Ortodoxe Rom\u00e2ne din SUA \u015fi Canada (EMORA) \u00ee\u015fi schimb\u0103 atitudinea fa\u0163\u0103 de persoana sa, ceea ce se vede \u00een aceea c\u0103 arhimandritul Victorin \u00eencepe s\u0103 suplineasc\u0103 parohiile vacante rom\u00e2ne \u00eenvecinate. Astfel \u00een anii 1963\u20131964 a suplinit parohia Sf. Nicolae din Worcester, Massachusetts, iar \u00een 1965 parohia Buna-Vestire din Cleveland, Ohio. La aceasta din urm\u0103 l-a \u015fi \u00eent\u00e2lnit pe arhidiaconul Bartolomeu Anania la sf\u00e2r\u015fitul anului 1965, \u00eent\u00e2lnire care s-a dovedit a fi providen\u0163ial\u0103 pentru EMORA. Dup\u0103 at\u00e2ta amar de vie\u0163uire printre str\u0103ini, orice oportunitate de a sluji pe credincio\u015fii rom\u00e2ni \u00eei ap\u0103rea ca o binecuv\u00e2ntare, fiind dispus, acum, s\u0103 accepte orice fel de numire \u00een cadrul EMORA.<\/p><p>S-a pus trup \u015fi suflet \u00een slujba comunit\u0103\u0163ii rom\u00e2ne\u015fti, cu o jertfelnicie \u015fi energie care nu au mai \u0163inut cont de multele \u201eneputin\u0163e\u201d ale arhimandritului Victorin a\u015fa cum ne apar ele \u00een coresponden\u0163a cu mitropolitul Visarion. Putem spune c\u0103 de acum avem de-a face cu un alt om, anume unul dintre cei mai mari misionari pe care i-a avut Biserica Ortodox\u0103 Rom\u00e2n\u0103: \u201eP\u0103rintele Victorin Ursache e un om foarte bl\u00e2nd, duhovnicesc, postitor, jertfelnic. Din p\u0103cate, nu a fost suficient cultivat, ci \u00eentrebuin\u0163at numai la umplutur\u0103, ca suplinitor prin parohiile vacante. Sfin\u0163ia sa a mers peste tot, parcurg\u00e2nd s\u0103pt\u0103m\u00e2nal dep\u0103rt\u0103ri imense, pl\u0103tit sau nepl\u0103tit, a slujit, a predicat, a catehizat. Nu cere niciodat\u0103 nimic \u015fi e gata s\u0103 r\u0103spund\u0103 la orice \u00eentrebuin\u0163are, dovedind prin aceasta c\u0103 st\u0103 \u00een serviciul comunit\u0103\u0163ilor noastre\u201d, scria arhidiaconul Bartolomeu patriarhului Iustinian Marina \u00een ianuarie 1966.<\/p><p>Dup\u0103 ani grei, arhimandritul Victorin a \u00eenv\u0103\u0163at s\u0103 fac\u0103 misiune ortodox\u0103 \u00een America: \u201eVia\u0163a preo\u0163easc\u0103 de aici e de neexprimat de grea; adev\u0103rat\u0103 jertf\u0103 misionar\u0103 \u00een cel mai deplin \u00een\u0163eles al cuv\u00e2ntului. Cu o voin\u0163\u0103 puternic\u0103 \u015fi ajutorul Harului Divin se poate dob\u00e2ndi \u015fi aici mul\u0163\u0103mirea sufleteasc\u0103 \u015fi fericirea \u00eentru Hristos\u201d, scria mai t\u00e2rziu preotului \u0218tefan Slevoac\u0103.<\/p><p><a href=\"https:\/\/sfdumitru.org\/ro\/2021\/02\/our-fathers-in-the-lord-ii-2021\/\">(Va urma)<\/a><\/p>\t\t\t\t\t<\/div>\n\t\t\t\t\t\t<\/div>\n\t\t\t\t<\/div>\n\t\t\t\t\t\t<\/div>\n\t\t\t\t\t<\/div>\n\t\t<\/div>\n\t\t\t\t\t\t\t\t<\/div>\n\t\t\t\t\t<\/div>\n\t\t<\/section>\n\t\t\t\t\t\t<\/div>\n\t\t\t\t\t\t<\/div>\n\t\t\t\t\t<\/div>","protected":false},"excerpt":{"rendered":"<p>The debts he owed to the monastery because of the publication of Holy Places forced him in the position of agreeing to serve \u201ctemporarily\u201d at St. Peter and Paul Church in Moundsville, West Virginia&#8230;<\/p>","protected":false},"author":1,"featured_media":0,"comment_status":"closed","ping_status":"closed","sticky":false,"template":"","format":"standard","meta":{"spay_email":"","footnotes":""},"categories":[32],"tags":[25],"class_list":["post-1534","post","type-post","status-publish","format-standard","hentry","category-icon-from-within-jan-21","tag-our-fathers-in-the-lord","entry"],"jetpack_featured_media_url":"","_links":{"self":[{"href":"https:\/\/sfdumitru.org\/ro\/wp-json\/wp\/v2\/posts\/1534","targetHints":{"allow":["GET"]}}],"collection":[{"href":"https:\/\/sfdumitru.org\/ro\/wp-json\/wp\/v2\/posts"}],"about":[{"href":"https:\/\/sfdumitru.org\/ro\/wp-json\/wp\/v2\/types\/post"}],"author":[{"embeddable":true,"href":"https:\/\/sfdumitru.org\/ro\/wp-json\/wp\/v2\/users\/1"}],"replies":[{"embeddable":true,"href":"https:\/\/sfdumitru.org\/ro\/wp-json\/wp\/v2\/comments?post=1534"}],"version-history":[{"count":41,"href":"https:\/\/sfdumitru.org\/ro\/wp-json\/wp\/v2\/posts\/1534\/revisions"}],"predecessor-version":[{"id":2430,"href":"https:\/\/sfdumitru.org\/ro\/wp-json\/wp\/v2\/posts\/1534\/revisions\/2430"}],"wp:attachment":[{"href":"https:\/\/sfdumitru.org\/ro\/wp-json\/wp\/v2\/media?parent=1534"}],"wp:term":[{"taxonomy":"category","embeddable":true,"href":"https:\/\/sfdumitru.org\/ro\/wp-json\/wp\/v2\/categories?post=1534"},{"taxonomy":"post_tag","embeddable":true,"href":"https:\/\/sfdumitru.org\/ro\/wp-json\/wp\/v2\/tags?post=1534"}],"curies":[{"name":"wp","href":"https:\/\/api.w.org\/{rel}","templated":true}]}}